{"id":721,"date":"2015-03-17T15:29:53","date_gmt":"2015-03-17T15:29:53","guid":{"rendered":"http:\/\/umweltlexikon.katalyse.de\/?p=721"},"modified":"2015-03-17T15:31:36","modified_gmt":"2015-03-17T15:31:36","slug":"innenraumluftbelastung","status":"publish","type":"post","link":"http:\/\/umweltlexikon.katalyse.de\/?p=721","title":{"rendered":"Innenraumluftbelastung"},"content":{"rendered":"<div id=\"pl-721\"  class=\"panel-layout\" ><div id=\"pg-721-0\"  class=\"panel-grid panel-no-style\" ><div id=\"pgc-721-0-0\"  class=\"panel-grid-cell panel-grid-cell-empty\" ><\/div><div id=\"pgc-721-0-1\"  class=\"panel-grid-cell\" ><div id=\"panel-721-0-1-0\" class=\"so-panel widget widget_black-studio-tinymce widget_black_studio_tinymce panel-first-child panel-last-child\" data-index=\"0\" ><div class=\"panel-widget-style panel-widget-style-for-721-0-1-0\" ><div class=\"textwidget\"><p><b>Die I. ist ein bisher stark vernachl\u00e4ssigtes Teilgebiet des Umweltschutzes, obwohl man sich zu 80-90% der Zeit in Innenr\u00e4umen aufh\u00e4lt.<\/b><\/p>\n<p style=\"text-align: justify;\">Erkl\u00e4rbar d\u00fcrfte dies auch durch die notwendige Einbeziehung des Reizthemas Rauchen als prim\u00e4re Schadstoffquelle in Innenr\u00e4umen sein (Tabakrauch, Passivrauchen). Erst in j\u00fcngerer Zeit ist eine zunehmende Sensibilisierung festzustellen, verkn\u00fcpft z.B. mit den Themen Formaldehyd, Holzschutzmittel, WC-Reiniger, PCB, Asbest und Mineralwolle.<br \/>Normen f\u00fcr die Luftqualit\u00e4t in Innenr\u00e4umen sind jedoch nicht Bestandteil des Umweltrechts, sondern des Gesundheitsrechts. Neuere Erkenntnisse \u00fcber die Gef\u00e4hrlichkeit einzelner <span id=\"AutoLinkDescriptionBox3\"><\/span>Schadstoffe haben einen erheblichen Regelungsbedarf erkennen lassen, der in der Fortschreibung von Rechtsvorschriften (z.B. <span id=\"AutoLinkDescriptionBox5\"><\/span>Spanplatten), von Normen, von G\u00fctezeichen (z.B. <span id=\"AutoLinkDescriptionBox6\"><\/span>Holzschutzmittel) oder Produktempfehlungen (<span id=\"AutoLinkDescriptionBox7\"><\/span>Umweltzeichen) bis hin zu allgemeinen Verbraucherempfehlungen (z.B. Verzicht auf chemische Luftverbesserer) verfolgt werden sollte.<br \/>Radioaktive Belastungen in Wohnr\u00e4umen gehen in unterschiedlichem Ausma\u00df von fast allen mineralischen Baustoffen aus (<span id=\"AutoLinkDescriptionBox4\"><\/span>Radon, radioaktive Baustoffe).<\/p>\n<\/div><\/div><\/div><\/div><\/div><div id=\"pg-721-1\"  class=\"panel-grid panel-no-style\" ><div id=\"pgc-721-1-0\"  class=\"panel-grid-cell\" ><div id=\"panel-721-1-0-0\" class=\"so-panel widget widget_black-studio-tinymce widget_black_studio_tinymce panel-first-child panel-last-child\" data-index=\"1\" ><div class=\"textwidget\"><p style=\"text-align: right;\"><em>Autor: KATALYSE Institut<\/em><\/p>\n<\/div><\/div><\/div><\/div><\/div>","protected":false},"excerpt":{"rendered":"<p>Die I. ist ein bisher stark vernachl\u00e4ssigtes Teilgebiet des Umweltschutzes, obwohl man sich zu 80-90% der Zeit in Innenr\u00e4umen aufh\u00e4lt.Erkl\u00e4rbar d\u00fcrfte dies auch durch die notwendige Einbeziehung des Reizthemas Rauchen als prim\u00e4re Schadstoffquelle in Innenr\u00e4umen sein (Tabakrauch, Passivrauchen). Erst in j\u00fcngerer Zeit ist eine zunehmende Sensibilisierung festzustellen, verkn\u00fcpft z.B. mit den Themen Formaldehyd, Holzschutzmittel, WC-Reiniger, [&hellip;]<\/p>\n","protected":false},"author":4,"featured_media":0,"comment_status":"closed","ping_status":"closed","sticky":false,"template":"","format":"standard","meta":{"footnotes":""},"categories":[18,13,23,47,26],"tags":[],"class_list":["post-721","post","type-post","status-publish","format-standard","hentry","category-bauen-wohnen","category-g-m","category-gesundheit","category-i","category-luft-klima"],"_links":{"self":[{"href":"http:\/\/umweltlexikon.katalyse.de\/index.php?rest_route=\/wp\/v2\/posts\/721","targetHints":{"allow":["GET"]}}],"collection":[{"href":"http:\/\/umweltlexikon.katalyse.de\/index.php?rest_route=\/wp\/v2\/posts"}],"about":[{"href":"http:\/\/umweltlexikon.katalyse.de\/index.php?rest_route=\/wp\/v2\/types\/post"}],"author":[{"embeddable":true,"href":"http:\/\/umweltlexikon.katalyse.de\/index.php?rest_route=\/wp\/v2\/users\/4"}],"replies":[{"embeddable":true,"href":"http:\/\/umweltlexikon.katalyse.de\/index.php?rest_route=%2Fwp%2Fv2%2Fcomments&post=721"}],"version-history":[{"count":1,"href":"http:\/\/umweltlexikon.katalyse.de\/index.php?rest_route=\/wp\/v2\/posts\/721\/revisions"}],"predecessor-version":[{"id":722,"href":"http:\/\/umweltlexikon.katalyse.de\/index.php?rest_route=\/wp\/v2\/posts\/721\/revisions\/722"}],"wp:attachment":[{"href":"http:\/\/umweltlexikon.katalyse.de\/index.php?rest_route=%2Fwp%2Fv2%2Fmedia&parent=721"}],"wp:term":[{"taxonomy":"category","embeddable":true,"href":"http:\/\/umweltlexikon.katalyse.de\/index.php?rest_route=%2Fwp%2Fv2%2Fcategories&post=721"},{"taxonomy":"post_tag","embeddable":true,"href":"http:\/\/umweltlexikon.katalyse.de\/index.php?rest_route=%2Fwp%2Fv2%2Ftags&post=721"}],"curies":[{"name":"wp","href":"https:\/\/api.w.org\/{rel}","templated":true}]}}