{"id":6481,"date":"2015-12-01T15:45:11","date_gmt":"2015-12-01T15:45:11","guid":{"rendered":"http:\/\/umweltlexikon.katalyse.de\/?p=6481"},"modified":"2015-12-01T15:45:11","modified_gmt":"2015-12-01T15:45:11","slug":"umweltministerkonferenz","status":"publish","type":"post","link":"http:\/\/umweltlexikon.katalyse.de\/?p=6481","title":{"rendered":"Umweltministerkonferenz"},"content":{"rendered":"<div id=\"pl-6481\"  class=\"panel-layout\" ><div id=\"pg-6481-0\"  class=\"panel-grid panel-no-style\" ><div id=\"pgc-6481-0-0\"  class=\"panel-grid-cell panel-grid-cell-empty\" ><\/div><div id=\"pgc-6481-0-1\"  class=\"panel-grid-cell\" ><div id=\"panel-6481-0-1-0\" class=\"so-panel widget widget_black-studio-tinymce widget_black_studio_tinymce panel-first-child panel-last-child\" data-index=\"0\" ><div class=\"panel-widget-style panel-widget-style-for-6481-0-1-0\" ><div class=\"textwidget\"><p><b>In der U. (UMK) sind alle f\u00fcr den <span id=\"AutoLinkDescriptionBox1\"><\/span>Umweltschutz zust\u00e4ndigen Landesfachminister und der Bundesumweltminister vertreten.<\/b><\/p>\n<p>Sie tagt zweimal j\u00e4hrlich. Zu ihren Aufgaben geh\u00f6ren Absprachen \u00fcber einheitliches Vorgehen der L\u00e4nder bei den in ihrem Hoheitsbereich liegenden Umweltangelegenheiten (z.B. Smog-Verordnung) sowie Koordinierung von <span id=\"AutoLinkDescriptionBox2\"><\/span>Bund und L\u00e4nder gemeinsam betreffenden Umweltfragen (Zust\u00e4ndigkeiten). Nur vereinzelt bezieht die U. Position zu aktuellen Umweltkonflikten oder entwickelt eigene Forderungen (Gro\u00dffeuerungsanlagenverordnung). Der U.-Vorsitz und damit die Gesch\u00e4ftsf\u00fchrung wechselt j\u00e4hrlich zwischen den Bundesl\u00e4ndern. Vorbereitet und inhaltlich gepr\u00e4gt wird die U.-Arbeit durch den st\u00e4ndigen Abteilungsleiterausschu\u00df. Fachliche Arbeit wird vorwiegend in den Landesarbeitsgemeinschaften (u.a. L\u00e4nderarbeitsgemeinschaft <span id=\"AutoLinkDescriptionBox3\"><br \/> <\/span>Abfall) geleistet.<br \/>Bundesministerium f\u00fcr Umwelt, Naturschutz und Reaktorsicherheit<\/p>\n<\/div><\/div><\/div><\/div><\/div><div id=\"pg-6481-1\"  class=\"panel-grid panel-no-style\" ><div id=\"pgc-6481-1-0\"  class=\"panel-grid-cell\" ><div id=\"panel-6481-1-0-0\" class=\"so-panel widget widget_black-studio-tinymce widget_black_studio_tinymce panel-first-child panel-last-child\" data-index=\"1\" ><div class=\"textwidget\"><p style=\"text-align: right;\"><em>Autor: KATALYSE Institut<\/em><\/p>\n<\/div><\/div><\/div><\/div><\/div>","protected":false},"excerpt":{"rendered":"<p>In der U. (UMK) sind alle f\u00fcr den Umweltschutz zust\u00e4ndigen Landesfachminister und der Bundesumweltminister vertreten.Sie tagt zweimal j\u00e4hrlich. Zu ihren Aufgaben geh\u00f6ren Absprachen \u00fcber einheitliches Vorgehen der L\u00e4nder bei den in ihrem Hoheitsbereich liegenden Umweltangelegenheiten (z.B. Smog-Verordnung) sowie Koordinierung von Bund und L\u00e4nder gemeinsam betreffenden Umweltfragen (Zust\u00e4ndigkeiten). Nur vereinzelt bezieht die U. Position zu aktuellen [&hellip;]<\/p>\n","protected":false},"author":10,"featured_media":0,"comment_status":"closed","ping_status":"closed","sticky":false,"template":"","format":"standard","meta":{"footnotes":""},"categories":[11,15,60,34],"tags":[],"class_list":["post-6481","post","type-post","status-publish","format-standard","hentry","category-alphabetisch","category-t-z","category-u","category-weiteres-sonstiges"],"_links":{"self":[{"href":"http:\/\/umweltlexikon.katalyse.de\/index.php?rest_route=\/wp\/v2\/posts\/6481","targetHints":{"allow":["GET"]}}],"collection":[{"href":"http:\/\/umweltlexikon.katalyse.de\/index.php?rest_route=\/wp\/v2\/posts"}],"about":[{"href":"http:\/\/umweltlexikon.katalyse.de\/index.php?rest_route=\/wp\/v2\/types\/post"}],"author":[{"embeddable":true,"href":"http:\/\/umweltlexikon.katalyse.de\/index.php?rest_route=\/wp\/v2\/users\/10"}],"replies":[{"embeddable":true,"href":"http:\/\/umweltlexikon.katalyse.de\/index.php?rest_route=%2Fwp%2Fv2%2Fcomments&post=6481"}],"version-history":[{"count":1,"href":"http:\/\/umweltlexikon.katalyse.de\/index.php?rest_route=\/wp\/v2\/posts\/6481\/revisions"}],"predecessor-version":[{"id":6482,"href":"http:\/\/umweltlexikon.katalyse.de\/index.php?rest_route=\/wp\/v2\/posts\/6481\/revisions\/6482"}],"wp:attachment":[{"href":"http:\/\/umweltlexikon.katalyse.de\/index.php?rest_route=%2Fwp%2Fv2%2Fmedia&parent=6481"}],"wp:term":[{"taxonomy":"category","embeddable":true,"href":"http:\/\/umweltlexikon.katalyse.de\/index.php?rest_route=%2Fwp%2Fv2%2Fcategories&post=6481"},{"taxonomy":"post_tag","embeddable":true,"href":"http:\/\/umweltlexikon.katalyse.de\/index.php?rest_route=%2Fwp%2Fv2%2Ftags&post=6481"}],"curies":[{"name":"wp","href":"https:\/\/api.w.org\/{rel}","templated":true}]}}