{"id":6133,"date":"2015-11-19T13:28:35","date_gmt":"2015-11-19T13:28:35","guid":{"rendered":"http:\/\/umweltlexikon.katalyse.de\/?p=6133"},"modified":"2015-11-19T13:28:35","modified_gmt":"2015-11-19T13:28:35","slug":"oepnv","status":"publish","type":"post","link":"http:\/\/umweltlexikon.katalyse.de\/?p=6133","title":{"rendered":"\u00d6PNV"},"content":{"rendered":"<div id=\"pl-6133\"  class=\"panel-layout\" ><div id=\"pg-6133-0\"  class=\"panel-grid panel-no-style\" ><div id=\"pgc-6133-0-0\"  class=\"panel-grid-cell panel-grid-cell-empty\" ><\/div><div id=\"pgc-6133-0-1\"  class=\"panel-grid-cell\" ><div id=\"panel-6133-0-1-0\" class=\"so-panel widget widget_black-studio-tinymce widget_black_studio_tinymce panel-first-child panel-last-child\" data-index=\"0\" ><div class=\"panel-widget-style panel-widget-style-for-6133-0-1-0\" ><div class=\"textwidget\"><p><b>Abk\u00fcrzung f\u00fcr \u00d6ffentlicher <span id=\"AutoLinkDescriptionBox1\"><\/span>Personennahverkehr, siehe Stichwort<\/b><\/p>\n<\/div><\/div><\/div><\/div><\/div><div id=\"pg-6133-1\"  class=\"panel-grid panel-no-style\" ><div id=\"pgc-6133-1-0\"  class=\"panel-grid-cell\" ><div id=\"panel-6133-1-0-0\" class=\"so-panel widget widget_black-studio-tinymce widget_black_studio_tinymce panel-first-child panel-last-child\" data-index=\"1\" ><div class=\"textwidget\"><p style=\"text-align: right;\"><em>Autor: KATALYSE Institut<\/em><\/p>\n<\/div><\/div><\/div><\/div><\/div>","protected":false},"excerpt":{"rendered":"<p>Abk\u00fcrzung f\u00fcr \u00d6ffentlicher Personennahverkehr, siehe Stichwort Autor: KATALYSE Institut<\/p>\n","protected":false},"author":10,"featured_media":0,"comment_status":"open","ping_status":"open","sticky":false,"template":"","format":"standard","meta":{"footnotes":""},"categories":[11,27,14,53],"tags":[],"class_list":["post-6133","post","type-post","status-publish","format-standard","hentry","category-alphabetisch","category-mobilitaet-verkehr","category-n-s","category-o"],"_links":{"self":[{"href":"http:\/\/umweltlexikon.katalyse.de\/index.php?rest_route=\/wp\/v2\/posts\/6133","targetHints":{"allow":["GET"]}}],"collection":[{"href":"http:\/\/umweltlexikon.katalyse.de\/index.php?rest_route=\/wp\/v2\/posts"}],"about":[{"href":"http:\/\/umweltlexikon.katalyse.de\/index.php?rest_route=\/wp\/v2\/types\/post"}],"author":[{"embeddable":true,"href":"http:\/\/umweltlexikon.katalyse.de\/index.php?rest_route=\/wp\/v2\/users\/10"}],"replies":[{"embeddable":true,"href":"http:\/\/umweltlexikon.katalyse.de\/index.php?rest_route=%2Fwp%2Fv2%2Fcomments&post=6133"}],"version-history":[{"count":1,"href":"http:\/\/umweltlexikon.katalyse.de\/index.php?rest_route=\/wp\/v2\/posts\/6133\/revisions"}],"predecessor-version":[{"id":6134,"href":"http:\/\/umweltlexikon.katalyse.de\/index.php?rest_route=\/wp\/v2\/posts\/6133\/revisions\/6134"}],"wp:attachment":[{"href":"http:\/\/umweltlexikon.katalyse.de\/index.php?rest_route=%2Fwp%2Fv2%2Fmedia&parent=6133"}],"wp:term":[{"taxonomy":"category","embeddable":true,"href":"http:\/\/umweltlexikon.katalyse.de\/index.php?rest_route=%2Fwp%2Fv2%2Fcategories&post=6133"},{"taxonomy":"post_tag","embeddable":true,"href":"http:\/\/umweltlexikon.katalyse.de\/index.php?rest_route=%2Fwp%2Fv2%2Ftags&post=6133"}],"curies":[{"name":"wp","href":"https:\/\/api.w.org\/{rel}","templated":true}]}}