{"id":6100,"date":"2015-11-17T15:22:06","date_gmt":"2015-11-17T15:22:06","guid":{"rendered":"http:\/\/umweltlexikon.katalyse.de\/?p=6100"},"modified":"2015-11-17T15:22:06","modified_gmt":"2015-11-17T15:22:06","slug":"oekosozialprodukt","status":"publish","type":"post","link":"http:\/\/umweltlexikon.katalyse.de\/?p=6100","title":{"rendered":"\u00d6kosozialprodukt"},"content":{"rendered":"<div id=\"pl-6100\"  class=\"panel-layout\" ><div id=\"pg-6100-0\"  class=\"panel-grid panel-no-style\" ><div id=\"pgc-6100-0-0\"  class=\"panel-grid-cell panel-grid-cell-empty\" ><\/div><div id=\"pgc-6100-0-1\"  class=\"panel-grid-cell\" ><div id=\"panel-6100-0-1-0\" class=\"so-panel widget widget_black-studio-tinymce widget_black_studio_tinymce panel-first-child panel-last-child\" data-index=\"0\" ><div class=\"panel-widget-style panel-widget-style-for-6100-0-1-0\" ><div class=\"textwidget\"><p><b>Die Kritik an dem in der wirtschaftspolitischen Diskussion dominierenden <span id=\"AutoLinkDescriptionBox4\"><\/span>Indikator des Bruttosozialprodukts f\u00fchrte zu verschiedenen Vorschl\u00e4gen, Umweltaspekte in einen solchen <span id=\"AutoLinkDescriptionBox5\"><\/span>Indikator mit einzubeziehen. <\/b><\/p>\n<p>Diese Konzepte werden in der Regel dem Begriff des \u00d6. zugeordnet.<br \/>In der zeitlichen Dimension hat sich die Frage nach dem Sinn und Zweck des Bruttosozialprodukts als wirtschaftspolitische Orientierungsgr\u00f6\u00dfe gewandelt. Bis in die sechziger Jahre war der <span id=\"AutoLinkDescriptionBox6\"><\/span>Indikator <span id=\"AutoLinkDescriptionBox14\"><\/span>Bruttosozialprodukt unangefochtenes Ma\u00df des wirtschaftlichen Wachstums. In den 70er Jahren wurden Konzepte des qualitativen Wachstums entwickelt, die darauf abzielten, die Berechnung des Bruttosozialprodukts zu ver\u00e4ndern, indem bestimmte Produktionen, die als nicht wohlfahrtsf\u00f6rdernd eingestuft wurden, ausgeschlossen und insb. au\u00dfermarktliche Produktionen, wie z.B. Haushaltsproduktionen, einbezogen werden.<\/p>\n<p>In den 80er Jahren mehrten sich die Hinweise, da\u00df sich die Diskrepanz zwischen dem <span id=\"AutoLinkDescriptionBox7\"><\/span>Indikator Sozialprodukt und der realen Wohlfahrtsentwicklung immer mehr vergr\u00f6\u00dfert. Die Beeintr\u00e4chtigung der \u00d6kosystem-Potentiale und der <span id=\"AutoLinkDescriptionBox11\"><\/span>Abbau von Naturverm\u00f6gen, aber auch die kompensatorischen Kosten zur Verminderung von Umweltbelastungen und zur Reparatur von Umweltsch\u00e4den (<span id=\"AutoLinkDescriptionBox1\"><\/span>Externe Kosten) tragen in der Sozialproduktsrechnung zu einer \u00dcbersch\u00e4tzung der nachhaltigen Nettoproduktion bei (Leipert). Damit verlieren die Wachstumsraten des Bruttosozialprodukts ihre Bedeutung als Wohlfahrtsindikatoren f\u00fcr die Gesellschaft. Es wird damit ein <span id=\"AutoLinkDescriptionBox8\"><\/span>Indikator erforderlich, der einerseits die wirtschaftliche Entwicklung erfa\u00dft, auf der anderen Seite die Naturnutzung in Rechnung stellt. Zielgr\u00f6\u00dfe m\u00fc\u00dfte von daher ein <span id=\"AutoLinkDescriptionBox9\"><\/span>Indikator sein, der die wirtschaftliche Entwicklung in Abh\u00e4ngigkeit von den Naturnutzungen erfa\u00dft.<br \/>Die Diskussion \u00fcber die Entwicklung des \u00d6. steht noch am Anfang. Das \u00d6. berechnet sich nach Stahmer aus dem <span id=\"AutoLinkDescriptionBox15\"><\/span>Bruttosozialprodukt unter Abzug der quantitativen Verminderung z.B. der Bodensch\u00e4tze und des Bestandes an Pflanzen und Tieren und der qualitativen Verschlechterung der Umweltmedien <span id=\"AutoLinkDescriptionBox3\"><\/span>Boden, <span id=\"AutoLinkDescriptionBox12\"><\/span>Luft und <span id=\"AutoLinkDescriptionBox10\"><\/span>Wasser in der Berichtsperiode.<br \/>Bei diesem Konzept sind allerdings eine Vielzahl z.T. komplizierter Bewertungsfragen zu l\u00f6sen, zudem existieren erhebliche statistische Defizite in diesem Bereich. Die Einbeziehung von <span id=\"AutoLinkDescriptionBox13\"><\/span>Umweltfaktoren in \u00f6konomische Rechnungslegungssysteme ist damit nur begrenzt m\u00f6glich, zugleich besteht die Gefahr, dass ein Schwerpunkt der Aufnahme solcher Faktoren und Dimensionen erfolgt, die leicht monetarisierbar sind.<br \/>Gegenw\u00e4rtig gehen die \u00dcberlegungen in zwei Richtungen, einerseits sollen zu den Berechnungen der volkswirtschaftlichen Gesamtrechnung Erg\u00e4nzungen vorgenommen werden, die die \u00f6konomisch-\u00f6kologischen Wechselwirkungen einbeziehen (Satellitensysteme), auf der anderen Seite gibt es auch \u00dcberlegungen, eine \u00f6kologische Gesamtrechnung zu etablieren.<br \/>Aufgrund der erw\u00e4hnten methodischen und statistischen Probleme ist auf absehbare Zeit zu erwarten, da\u00df die traditionelle Sozialproduktsrechnung wie bisher fortgef\u00fchrt und durch ein Rechenwerk f\u00fcr die Darstellung der \u00f6konomischen\/\u00f6kologischen Zusammenh\u00e4nge erg\u00e4nzt wird.<br \/><span id=\"AutoLinkDescriptionBox2\"><\/span>Externe Kosten<\/p>\n<\/div><\/div><\/div><\/div><\/div><div id=\"pg-6100-1\"  class=\"panel-grid panel-no-style\" ><div id=\"pgc-6100-1-0\"  class=\"panel-grid-cell\" ><div id=\"panel-6100-1-0-0\" class=\"so-panel widget widget_black-studio-tinymce widget_black_studio_tinymce panel-first-child panel-last-child\" data-index=\"1\" ><div class=\"textwidget\"><p style=\"text-align: right;\"><em>Autor: KATALYSE Institut<\/em><\/p>\n<\/div><\/div><\/div><\/div><\/div>","protected":false},"excerpt":{"rendered":"<p>Die Kritik an dem in der wirtschaftspolitischen Diskussion dominierenden Indikator des Bruttosozialprodukts f\u00fchrte zu verschiedenen Vorschl\u00e4gen, Umweltaspekte in einen solchen Indikator mit einzubeziehen. Diese Konzepte werden in der Regel dem Begriff des \u00d6. zugeordnet.In der zeitlichen Dimension hat sich die Frage nach dem Sinn und Zweck des Bruttosozialprodukts als wirtschaftspolitische Orientierungsgr\u00f6\u00dfe gewandelt. Bis in die [&hellip;]<\/p>\n","protected":false},"author":10,"featured_media":0,"comment_status":"open","ping_status":"open","sticky":false,"template":"","format":"standard","meta":{"footnotes":""},"categories":[11,14,53,34],"tags":[],"class_list":["post-6100","post","type-post","status-publish","format-standard","hentry","category-alphabetisch","category-n-s","category-o","category-weiteres-sonstiges"],"_links":{"self":[{"href":"http:\/\/umweltlexikon.katalyse.de\/index.php?rest_route=\/wp\/v2\/posts\/6100","targetHints":{"allow":["GET"]}}],"collection":[{"href":"http:\/\/umweltlexikon.katalyse.de\/index.php?rest_route=\/wp\/v2\/posts"}],"about":[{"href":"http:\/\/umweltlexikon.katalyse.de\/index.php?rest_route=\/wp\/v2\/types\/post"}],"author":[{"embeddable":true,"href":"http:\/\/umweltlexikon.katalyse.de\/index.php?rest_route=\/wp\/v2\/users\/10"}],"replies":[{"embeddable":true,"href":"http:\/\/umweltlexikon.katalyse.de\/index.php?rest_route=%2Fwp%2Fv2%2Fcomments&post=6100"}],"version-history":[{"count":1,"href":"http:\/\/umweltlexikon.katalyse.de\/index.php?rest_route=\/wp\/v2\/posts\/6100\/revisions"}],"predecessor-version":[{"id":6101,"href":"http:\/\/umweltlexikon.katalyse.de\/index.php?rest_route=\/wp\/v2\/posts\/6100\/revisions\/6101"}],"wp:attachment":[{"href":"http:\/\/umweltlexikon.katalyse.de\/index.php?rest_route=%2Fwp%2Fv2%2Fmedia&parent=6100"}],"wp:term":[{"taxonomy":"category","embeddable":true,"href":"http:\/\/umweltlexikon.katalyse.de\/index.php?rest_route=%2Fwp%2Fv2%2Fcategories&post=6100"},{"taxonomy":"post_tag","embeddable":true,"href":"http:\/\/umweltlexikon.katalyse.de\/index.php?rest_route=%2Fwp%2Fv2%2Ftags&post=6100"}],"curies":[{"name":"wp","href":"https:\/\/api.w.org\/{rel}","templated":true}]}}