{"id":5424,"date":"2015-10-02T13:12:23","date_gmt":"2015-10-02T13:12:23","guid":{"rendered":"http:\/\/umweltlexikon.katalyse.de\/?p=5424"},"modified":"2015-10-02T13:12:23","modified_gmt":"2015-10-02T13:12:23","slug":"klagebefugnis-in-der-eg","status":"publish","type":"post","link":"http:\/\/umweltlexikon.katalyse.de\/?p=5424","title":{"rendered":"Klagebefugnis in der EG"},"content":{"rendered":"<div id=\"pl-5424\"  class=\"panel-layout\" ><div id=\"pg-5424-0\"  class=\"panel-grid panel-no-style\" ><div id=\"pgc-5424-0-0\"  class=\"panel-grid-cell\" ><div id=\"panel-5424-0-0-0\" class=\"so-panel widget widget_black-studio-tinymce widget_black_studio_tinymce panel-first-child panel-last-child\" data-index=\"0\" ><div class=\"textwidget\"><p>&nbsp;<\/p>\n<p><b>Richtlinien der EG richten sich an die Mitgliedstaaten und m\u00fcssen von diesen fristgerecht in nationales Recht umgesetzt werden.<\/b><br \/>Eine <span id=\"AutoLinkDescriptionBox1\"><\/span>Klagebefugnis gegen Mitgliedstaaten ist jedoch ausschlie\u00dflich der Kommission der EG vorbehalten (Vertragsverletzungsverfahren). Ein Klagerecht f\u00fcr Verb\u00e4nde, juristische Personen oder nat\u00fcrliche Personen existiert noch nicht.<br \/>Betroffene B\u00fcrger haben drei M\u00f6glichkeiten, auf Klagen Einflu\u00df zu nehmen:<br \/>1. Das Recht auf formale Beschwerde wegen Nichtumsetzung von EG-Recht bei der Kommission der EG,<br \/>2. das Petitionsrecht beim Europ\u00e4ischen Parlament und<br \/>3. das Recht auf Haftung im Fall von Sch\u00e4digung durch einen Mitgliedstaat, der das EG-Recht nicht ordentlich umgesetzt hat. Vorgedruckte Beschwerdeformulare k\u00f6nnen bei der <span id=\"AutoLinkDescriptionBox2\"><\/span>EG-Kommission angefordert werden. Die <span id=\"AutoLinkDescriptionBox3\"><\/span>EG-Kommission ist verpflichtet, Beschwerden sorgsam nachzugehen.<br \/>Gentechnikgesetz<\/p>\n<p style=\"text-align: right;\"><em>Autor: KATALYSE Institut<\/em><\/p>\n<\/div><\/div><\/div><\/div><\/div>","protected":false},"excerpt":{"rendered":"<p>&nbsp;Richtlinien der EG richten sich an die Mitgliedstaaten und m\u00fcssen von diesen fristgerecht in nationales Recht umgesetzt werden.Eine Klagebefugnis gegen Mitgliedstaaten ist jedoch ausschlie\u00dflich der Kommission der EG vorbehalten (Vertragsverletzungsverfahren). Ein Klagerecht f\u00fcr Verb\u00e4nde, juristische Personen oder nat\u00fcrliche Personen existiert noch nicht.Betroffene B\u00fcrger haben drei M\u00f6glichkeiten, auf Klagen Einflu\u00df zu nehmen:1. Das Recht auf formale [&hellip;]<\/p>\n","protected":false},"author":5,"featured_media":0,"comment_status":"closed","ping_status":"closed","sticky":false,"template":"","format":"standard","meta":{"footnotes":""},"categories":[13,49,30,34],"tags":[],"class_list":["post-5424","post","type-post","status-publish","format-standard","hentry","category-g-m","category-k","category-substanzen-werkstoffe","category-weiteres-sonstiges"],"_links":{"self":[{"href":"http:\/\/umweltlexikon.katalyse.de\/index.php?rest_route=\/wp\/v2\/posts\/5424","targetHints":{"allow":["GET"]}}],"collection":[{"href":"http:\/\/umweltlexikon.katalyse.de\/index.php?rest_route=\/wp\/v2\/posts"}],"about":[{"href":"http:\/\/umweltlexikon.katalyse.de\/index.php?rest_route=\/wp\/v2\/types\/post"}],"author":[{"embeddable":true,"href":"http:\/\/umweltlexikon.katalyse.de\/index.php?rest_route=\/wp\/v2\/users\/5"}],"replies":[{"embeddable":true,"href":"http:\/\/umweltlexikon.katalyse.de\/index.php?rest_route=%2Fwp%2Fv2%2Fcomments&post=5424"}],"version-history":[{"count":1,"href":"http:\/\/umweltlexikon.katalyse.de\/index.php?rest_route=\/wp\/v2\/posts\/5424\/revisions"}],"predecessor-version":[{"id":5429,"href":"http:\/\/umweltlexikon.katalyse.de\/index.php?rest_route=\/wp\/v2\/posts\/5424\/revisions\/5429"}],"wp:attachment":[{"href":"http:\/\/umweltlexikon.katalyse.de\/index.php?rest_route=%2Fwp%2Fv2%2Fmedia&parent=5424"}],"wp:term":[{"taxonomy":"category","embeddable":true,"href":"http:\/\/umweltlexikon.katalyse.de\/index.php?rest_route=%2Fwp%2Fv2%2Fcategories&post=5424"},{"taxonomy":"post_tag","embeddable":true,"href":"http:\/\/umweltlexikon.katalyse.de\/index.php?rest_route=%2Fwp%2Fv2%2Ftags&post=5424"}],"curies":[{"name":"wp","href":"https:\/\/api.w.org\/{rel}","templated":true}]}}