{"id":5317,"date":"2015-09-16T13:36:06","date_gmt":"2015-09-16T13:36:06","guid":{"rendered":"http:\/\/umweltlexikon.katalyse.de\/?p=5317"},"modified":"2015-09-16T13:36:06","modified_gmt":"2015-09-16T13:36:06","slug":"inhalation","status":"publish","type":"post","link":"http:\/\/umweltlexikon.katalyse.de\/?p=5317","title":{"rendered":"Inhalation"},"content":{"rendered":"<div id=\"pl-5317\"  class=\"panel-layout\" ><div id=\"pg-5317-0\"  class=\"panel-grid panel-no-style\" ><div id=\"pgc-5317-0-0\"  class=\"panel-grid-cell panel-grid-cell-empty\" ><\/div><div id=\"pgc-5317-0-1\"  class=\"panel-grid-cell\" ><div id=\"panel-5317-0-1-0\" class=\"so-panel widget widget_black-studio-tinymce widget_black_studio_tinymce panel-first-child panel-last-child\" data-index=\"0\" ><div class=\"panel-widget-style panel-widget-style-for-5317-0-1-0\" ><div class=\"textwidget\"><p><b>Einatmung von Gasen, D\u00e4mpfen, zerst\u00e4ubten Fl\u00fcssigkeiten.<\/b><\/p>\n<p>Teile der inhalierten Stoffe gelangen durch Aufnahme \u00fcber die Schleimh\u00e4ute des Lungengewebes in den K\u00f6rper und entfalten dort ihre Wirkung. Sie k\u00f6nnen aber auch direkt auf die Schleimh\u00e4ute der Atemwege sch\u00e4digend oder heilend wirken. Das Eindringen von Stoffen \u00fcber die Atemwege in den K\u00f6rper ist bestimmt durch die Gr\u00f6\u00dfe, die L\u00f6slichkeitseigenschaften, die Verweildauer der Molek\u00fcle oder Teilchen.<\/p>\n<\/div><\/div><\/div><\/div><\/div><div id=\"pg-5317-1\"  class=\"panel-grid panel-no-style\" ><div id=\"pgc-5317-1-0\"  class=\"panel-grid-cell\" ><div id=\"panel-5317-1-0-0\" class=\"so-panel widget widget_black-studio-tinymce widget_black_studio_tinymce panel-first-child panel-last-child\" data-index=\"1\" ><div class=\"textwidget\"><p style=\"text-align: right;\"><em>Autor: KATALYSE Institut<\/em><\/p>\n<\/div><\/div><\/div><\/div><\/div>","protected":false},"excerpt":{"rendered":"<p>Einatmung von Gasen, D\u00e4mpfen, zerst\u00e4ubten Fl\u00fcssigkeiten.Teile der inhalierten Stoffe gelangen durch Aufnahme \u00fcber die Schleimh\u00e4ute des Lungengewebes in den K\u00f6rper und entfalten dort ihre Wirkung. Sie k\u00f6nnen aber auch direkt auf die Schleimh\u00e4ute der Atemwege sch\u00e4digend oder heilend wirken. Das Eindringen von Stoffen \u00fcber die Atemwege in den K\u00f6rper ist bestimmt durch die Gr\u00f6\u00dfe, die [&hellip;]<\/p>\n","protected":false},"author":10,"featured_media":0,"comment_status":"closed","ping_status":"closed","sticky":false,"template":"","format":"standard","meta":{"footnotes":""},"categories":[13,47,30,34],"tags":[],"class_list":["post-5317","post","type-post","status-publish","format-standard","hentry","category-g-m","category-i","category-substanzen-werkstoffe","category-weiteres-sonstiges"],"_links":{"self":[{"href":"http:\/\/umweltlexikon.katalyse.de\/index.php?rest_route=\/wp\/v2\/posts\/5317","targetHints":{"allow":["GET"]}}],"collection":[{"href":"http:\/\/umweltlexikon.katalyse.de\/index.php?rest_route=\/wp\/v2\/posts"}],"about":[{"href":"http:\/\/umweltlexikon.katalyse.de\/index.php?rest_route=\/wp\/v2\/types\/post"}],"author":[{"embeddable":true,"href":"http:\/\/umweltlexikon.katalyse.de\/index.php?rest_route=\/wp\/v2\/users\/10"}],"replies":[{"embeddable":true,"href":"http:\/\/umweltlexikon.katalyse.de\/index.php?rest_route=%2Fwp%2Fv2%2Fcomments&post=5317"}],"version-history":[{"count":1,"href":"http:\/\/umweltlexikon.katalyse.de\/index.php?rest_route=\/wp\/v2\/posts\/5317\/revisions"}],"predecessor-version":[{"id":5318,"href":"http:\/\/umweltlexikon.katalyse.de\/index.php?rest_route=\/wp\/v2\/posts\/5317\/revisions\/5318"}],"wp:attachment":[{"href":"http:\/\/umweltlexikon.katalyse.de\/index.php?rest_route=%2Fwp%2Fv2%2Fmedia&parent=5317"}],"wp:term":[{"taxonomy":"category","embeddable":true,"href":"http:\/\/umweltlexikon.katalyse.de\/index.php?rest_route=%2Fwp%2Fv2%2Fcategories&post=5317"},{"taxonomy":"post_tag","embeddable":true,"href":"http:\/\/umweltlexikon.katalyse.de\/index.php?rest_route=%2Fwp%2Fv2%2Ftags&post=5317"}],"curies":[{"name":"wp","href":"https:\/\/api.w.org\/{rel}","templated":true}]}}