{"id":5254,"date":"2015-09-15T08:08:39","date_gmt":"2015-09-15T08:08:39","guid":{"rendered":"http:\/\/umweltlexikon.katalyse.de\/?p=5254"},"modified":"2015-09-15T08:08:39","modified_gmt":"2015-09-15T08:08:39","slug":"vorfluter","status":"publish","type":"post","link":"http:\/\/umweltlexikon.katalyse.de\/?p=5254","title":{"rendered":"Vorfluter"},"content":{"rendered":"<div id=\"pl-5254\"  class=\"panel-layout\" ><div id=\"pg-5254-0\"  class=\"panel-grid panel-no-style\" ><div id=\"pgc-5254-0-0\"  class=\"panel-grid-cell panel-grid-cell-empty\" ><\/div><div id=\"pgc-5254-0-1\"  class=\"panel-grid-cell\" ><div id=\"panel-5254-0-1-0\" class=\"so-panel widget widget_black-studio-tinymce widget_black_studio_tinymce panel-first-child panel-last-child\" data-index=\"0\" ><div class=\"panel-widget-style panel-widget-style-for-5254-0-1-0\" ><div class=\"textwidget\"><p><b>Bach oder Flu\u00df, in den die gereinigten Abw\u00e4sser einer Kl\u00e4ranlage (Abwasserreinigung) eingeleitet werden.<\/b><\/p>\n<\/div><\/div><\/div><\/div><\/div><div id=\"pg-5254-1\"  class=\"panel-grid panel-no-style\" ><div id=\"pgc-5254-1-0\"  class=\"panel-grid-cell\" ><div id=\"panel-5254-1-0-0\" class=\"so-panel widget widget_black-studio-tinymce widget_black_studio_tinymce panel-first-child panel-last-child\" data-index=\"1\" ><div class=\"textwidget\"><p style=\"text-align: right;\"><em>Autor: KATALYSE Institut<\/em><\/p>\n<\/div><\/div><\/div><\/div><\/div>","protected":false},"excerpt":{"rendered":"<p>Bach oder Flu\u00df, in den die gereinigten Abw\u00e4sser einer Kl\u00e4ranlage (Abwasserreinigung) eingeleitet werden. Autor: KATALYSE Institut<\/p>\n","protected":false},"author":5,"featured_media":0,"comment_status":"closed","ping_status":"closed","sticky":false,"template":"","format":"standard","meta":{"footnotes":""},"categories":[15,61,33],"tags":[],"class_list":["post-5254","post","type-post","status-publish","format-standard","hentry","category-t-z","category-v","category-wasser"],"_links":{"self":[{"href":"http:\/\/umweltlexikon.katalyse.de\/index.php?rest_route=\/wp\/v2\/posts\/5254","targetHints":{"allow":["GET"]}}],"collection":[{"href":"http:\/\/umweltlexikon.katalyse.de\/index.php?rest_route=\/wp\/v2\/posts"}],"about":[{"href":"http:\/\/umweltlexikon.katalyse.de\/index.php?rest_route=\/wp\/v2\/types\/post"}],"author":[{"embeddable":true,"href":"http:\/\/umweltlexikon.katalyse.de\/index.php?rest_route=\/wp\/v2\/users\/5"}],"replies":[{"embeddable":true,"href":"http:\/\/umweltlexikon.katalyse.de\/index.php?rest_route=%2Fwp%2Fv2%2Fcomments&post=5254"}],"version-history":[{"count":1,"href":"http:\/\/umweltlexikon.katalyse.de\/index.php?rest_route=\/wp\/v2\/posts\/5254\/revisions"}],"predecessor-version":[{"id":5255,"href":"http:\/\/umweltlexikon.katalyse.de\/index.php?rest_route=\/wp\/v2\/posts\/5254\/revisions\/5255"}],"wp:attachment":[{"href":"http:\/\/umweltlexikon.katalyse.de\/index.php?rest_route=%2Fwp%2Fv2%2Fmedia&parent=5254"}],"wp:term":[{"taxonomy":"category","embeddable":true,"href":"http:\/\/umweltlexikon.katalyse.de\/index.php?rest_route=%2Fwp%2Fv2%2Fcategories&post=5254"},{"taxonomy":"post_tag","embeddable":true,"href":"http:\/\/umweltlexikon.katalyse.de\/index.php?rest_route=%2Fwp%2Fv2%2Ftags&post=5254"}],"curies":[{"name":"wp","href":"https:\/\/api.w.org\/{rel}","templated":true}]}}