{"id":5073,"date":"2015-08-31T13:32:09","date_gmt":"2015-08-31T13:32:09","guid":{"rendered":"http:\/\/umweltlexikon.katalyse.de\/?p=5073"},"modified":"2015-08-31T13:40:15","modified_gmt":"2015-08-31T13:40:15","slug":"gemeinlastprinzip","status":"publish","type":"post","link":"http:\/\/umweltlexikon.katalyse.de\/?p=5073","title":{"rendered":"Gemeinlastprinzip"},"content":{"rendered":"<div id=\"pl-5073\"  class=\"panel-layout\" ><div id=\"pg-5073-0\"  class=\"panel-grid panel-no-style\" ><div id=\"pgc-5073-0-0\"  class=\"panel-grid-cell panel-grid-cell-empty\" ><\/div><div id=\"pgc-5073-0-1\"  class=\"panel-grid-cell\" ><div id=\"panel-5073-0-1-0\" class=\"so-panel widget widget_black-studio-tinymce widget_black_studio_tinymce panel-first-child panel-last-child\" data-index=\"0\" ><div class=\"panel-widget-style panel-widget-style-for-5073-0-1-0\" ><div class=\"textwidget\"><p><b>Das <span id=\"AutoLinkDescriptionBox6\"><\/span>Verursacherprinzip wird dort durchbrochen, wo die <span id=\"AutoLinkDescriptionBox5\"><\/span>Kosten der Umweltbelastung vom Produkt losgel\u00f6st und der Allgemeinheit angelastet werden.<\/b><\/p>\n<p>Dies ist v.a. dann der Fall, wenn Sch\u00e4den f\u00fcr die <span id=\"AutoLinkDescriptionBox1\"><\/span>Umwelt keinem individuellen Verursacher zuzurechnen sind (Verursacher ist nicht (mehr) festzustellen, es m\u00fcssen akute Notst\u00e4nde beseitigt werden). Diese Verlagerung der Kosten f\u00fcr Umweltsch\u00e4den auf die Allgemeinheit f\u00fchrt leicht dazu, da\u00df nicht die Verursacher f\u00fcr die Umweltsch\u00e4den aufkommen m\u00fcssen, wodurch Marktverzerrungen entstehen: Produkte und Leistungen, die die <span id=\"AutoLinkDescriptionBox2\"><\/span>Umwelt belasten, werden zu billig angeboten, was zu einer gr\u00f6\u00dferen Nachfrage nach diesen Produkten f\u00fchren kann. Das G. wird in der Praxis aus politischer R\u00fccksichtsnahme z.B. von Landesregierungen auf bekannte Gro\u00dfverschmutzer (Braunkohle, Gro\u00dfchemie) angewendet. G. und <span id=\"AutoLinkDescriptionBox4\"><\/span>Kooperationsprinzip sind in der Umweltrechtswirklichkeit von Industriestaaten die Regel, das <span id=\"AutoLinkDescriptionBox7\"><\/span>Verursacherprinzip kommt dagegen \u00e4u\u00dferst selten zum Vollzug.<br \/><span id=\"AutoLinkDescriptionBox8\"><\/span>Umweltpolitik, <span id=\"AutoLinkDescriptionBox3\"><\/span>Bundesimmissionsschutzgesetz<\/p>\n<\/div><\/div><\/div><\/div><\/div><div id=\"pg-5073-1\"  class=\"panel-grid panel-no-style\" ><div id=\"pgc-5073-1-0\"  class=\"panel-grid-cell\" ><div id=\"panel-5073-1-0-0\" class=\"so-panel widget widget_black-studio-tinymce widget_black_studio_tinymce panel-first-child panel-last-child\" data-index=\"1\" ><div class=\"textwidget\"><p style=\"text-align: right;\"><em>Autor: KATALYSE Institut<\/em><\/p>\n<\/div><\/div><\/div><\/div><\/div>","protected":false},"excerpt":{"rendered":"<p>Das Verursacherprinzip wird dort durchbrochen, wo die Kosten der Umweltbelastung vom Produkt losgel\u00f6st und der Allgemeinheit angelastet werden.Dies ist v.a. dann der Fall, wenn Sch\u00e4den f\u00fcr die Umwelt keinem individuellen Verursacher zuzurechnen sind (Verursacher ist nicht (mehr) festzustellen, es m\u00fcssen akute Notst\u00e4nde beseitigt werden). Diese Verlagerung der Kosten f\u00fcr Umweltsch\u00e4den auf die Allgemeinheit f\u00fchrt leicht [&hellip;]<\/p>\n","protected":false},"author":10,"featured_media":0,"comment_status":"closed","ping_status":"closed","sticky":false,"template":"","format":"standard","meta":{"footnotes":""},"categories":[45,13,30,34],"tags":[],"class_list":["post-5073","post","type-post","status-publish","format-standard","hentry","category-g","category-g-m","category-substanzen-werkstoffe","category-weiteres-sonstiges"],"_links":{"self":[{"href":"http:\/\/umweltlexikon.katalyse.de\/index.php?rest_route=\/wp\/v2\/posts\/5073","targetHints":{"allow":["GET"]}}],"collection":[{"href":"http:\/\/umweltlexikon.katalyse.de\/index.php?rest_route=\/wp\/v2\/posts"}],"about":[{"href":"http:\/\/umweltlexikon.katalyse.de\/index.php?rest_route=\/wp\/v2\/types\/post"}],"author":[{"embeddable":true,"href":"http:\/\/umweltlexikon.katalyse.de\/index.php?rest_route=\/wp\/v2\/users\/10"}],"replies":[{"embeddable":true,"href":"http:\/\/umweltlexikon.katalyse.de\/index.php?rest_route=%2Fwp%2Fv2%2Fcomments&post=5073"}],"version-history":[{"count":3,"href":"http:\/\/umweltlexikon.katalyse.de\/index.php?rest_route=\/wp\/v2\/posts\/5073\/revisions"}],"predecessor-version":[{"id":5076,"href":"http:\/\/umweltlexikon.katalyse.de\/index.php?rest_route=\/wp\/v2\/posts\/5073\/revisions\/5076"}],"wp:attachment":[{"href":"http:\/\/umweltlexikon.katalyse.de\/index.php?rest_route=%2Fwp%2Fv2%2Fmedia&parent=5073"}],"wp:term":[{"taxonomy":"category","embeddable":true,"href":"http:\/\/umweltlexikon.katalyse.de\/index.php?rest_route=%2Fwp%2Fv2%2Fcategories&post=5073"},{"taxonomy":"post_tag","embeddable":true,"href":"http:\/\/umweltlexikon.katalyse.de\/index.php?rest_route=%2Fwp%2Fv2%2Ftags&post=5073"}],"curies":[{"name":"wp","href":"https:\/\/api.w.org\/{rel}","templated":true}]}}