{"id":4894,"date":"2015-08-25T09:23:06","date_gmt":"2015-08-25T09:23:06","guid":{"rendered":"http:\/\/umweltlexikon.katalyse.de\/?p=4894"},"modified":"2015-08-25T09:23:06","modified_gmt":"2015-08-25T09:23:06","slug":"entwaesserung","status":"publish","type":"post","link":"http:\/\/umweltlexikon.katalyse.de\/?p=4894","title":{"rendered":"Entw\u00e4sserung"},"content":{"rendered":"<div id=\"pl-4894\"  class=\"panel-layout\" ><div id=\"pg-4894-0\"  class=\"panel-grid panel-no-style\" ><div id=\"pgc-4894-0-0\"  class=\"panel-grid-cell panel-grid-cell-empty\" ><\/div><div id=\"pgc-4894-0-1\"  class=\"panel-grid-cell\" ><div id=\"panel-4894-0-1-0\" class=\"so-panel widget widget_black-studio-tinymce widget_black_studio_tinymce panel-first-child panel-last-child\" data-index=\"0\" ><div class=\"panel-widget-style panel-widget-style-for-4894-0-1-0\" ><div class=\"textwidget\"><p><b>Abf\u00fchren von Wassermengen, die zeitlich und \u00f6rtlich im \u00dcberma\u00df anfallen und f\u00fcr das Wachstum der Kulturpflanzen sch\u00e4dlich sind, durch Gr\u00e4ben und Drainagen<\/b><\/p>\n<p>Ziele der E. sind Nutzungs\u00e4nderungen (Gr\u00fcnland zu Ackerland), Erleichterung der Bodenbearbeitung, Ertragssicherung und -steigerung und die Erneuerung bestehender Anlagen.<\/p>\n<p>In den vergangenen Jahren wurde die E. sehr gro\u00dfz\u00fcgig gehandhabt. Heute treten als Folge davon in einigen Gebieten (Weinbau an der Mosel und Mittelrhein) in trockenen Monaten Probleme mit der Wasserversorgung auf, weil die notwendige Grundwasserneubildung verringert wird. Die stoffliche Belastung des Grundwassers nimmt allerdings nicht ab, da die Nutzungsintensit\u00e4t der Fl\u00e4che gesteigert wird.<\/p>\n<p>Die E. f\u00fchrt au\u00dferdem zu Verschiebungen im Artenbestand von Tieren und Pflanzen, Humusabbau, erh\u00f6hter Stickstoffverf\u00fcgbarkeit, Gel\u00e4ndesetzungen und Auswirkungen auf das <span id=\"AutoLinkDescriptionBox4\"><\/span>Mikroklima. Sie ist mitverantwortlich f\u00fcr die gestiegene Hochwasserh\u00e4ufigkeit, da das <span id=\"AutoLinkDescriptionBox2\"><\/span>Wasser nicht mehr im <span id=\"AutoLinkDescriptionBox1\"><\/span>Boden versickert. Die E. gro\u00dfer Feuchtgebiete zum Zwecke landwirtschaftlicher Nutzung ist die Hauptursache f\u00fcr das Verschwinden derartiger Biotope und ihrer typischen Pflanzen- und Tierwelt.<\/p>\n<\/div><\/div><\/div><\/div><\/div><div id=\"pg-4894-1\"  class=\"panel-grid panel-no-style\" ><div id=\"pgc-4894-1-0\"  class=\"panel-grid-cell\" ><div id=\"panel-4894-1-0-0\" class=\"so-panel widget widget_black-studio-tinymce widget_black_studio_tinymce panel-first-child panel-last-child\" data-index=\"1\" ><div class=\"textwidget\"><p style=\"text-align: right;\"><em>Autor: KATALYSE Institut<\/em><\/p>\n<\/div><\/div><\/div><\/div><\/div>","protected":false},"excerpt":{"rendered":"<p>Abf\u00fchren von Wassermengen, die zeitlich und \u00f6rtlich im \u00dcberma\u00df anfallen und f\u00fcr das Wachstum der Kulturpflanzen sch\u00e4dlich sind, durch Gr\u00e4ben und DrainagenZiele der E. sind Nutzungs\u00e4nderungen (Gr\u00fcnland zu Ackerland), Erleichterung der Bodenbearbeitung, Ertragssicherung und -steigerung und die Erneuerung bestehender Anlagen.In den vergangenen Jahren wurde die E. sehr gro\u00dfz\u00fcgig gehandhabt. Heute treten als Folge davon in [&hellip;]<\/p>\n","protected":false},"author":5,"featured_media":0,"comment_status":"closed","ping_status":"closed","sticky":false,"template":"","format":"standard","meta":{"footnotes":""},"categories":[12,43,33],"tags":[],"class_list":["post-4894","post","type-post","status-publish","format-standard","hentry","category-a-f","category-e","category-wasser"],"_links":{"self":[{"href":"http:\/\/umweltlexikon.katalyse.de\/index.php?rest_route=\/wp\/v2\/posts\/4894","targetHints":{"allow":["GET"]}}],"collection":[{"href":"http:\/\/umweltlexikon.katalyse.de\/index.php?rest_route=\/wp\/v2\/posts"}],"about":[{"href":"http:\/\/umweltlexikon.katalyse.de\/index.php?rest_route=\/wp\/v2\/types\/post"}],"author":[{"embeddable":true,"href":"http:\/\/umweltlexikon.katalyse.de\/index.php?rest_route=\/wp\/v2\/users\/5"}],"replies":[{"embeddable":true,"href":"http:\/\/umweltlexikon.katalyse.de\/index.php?rest_route=%2Fwp%2Fv2%2Fcomments&post=4894"}],"version-history":[{"count":1,"href":"http:\/\/umweltlexikon.katalyse.de\/index.php?rest_route=\/wp\/v2\/posts\/4894\/revisions"}],"predecessor-version":[{"id":4895,"href":"http:\/\/umweltlexikon.katalyse.de\/index.php?rest_route=\/wp\/v2\/posts\/4894\/revisions\/4895"}],"wp:attachment":[{"href":"http:\/\/umweltlexikon.katalyse.de\/index.php?rest_route=%2Fwp%2Fv2%2Fmedia&parent=4894"}],"wp:term":[{"taxonomy":"category","embeddable":true,"href":"http:\/\/umweltlexikon.katalyse.de\/index.php?rest_route=%2Fwp%2Fv2%2Fcategories&post=4894"},{"taxonomy":"post_tag","embeddable":true,"href":"http:\/\/umweltlexikon.katalyse.de\/index.php?rest_route=%2Fwp%2Fv2%2Ftags&post=4894"}],"curies":[{"name":"wp","href":"https:\/\/api.w.org\/{rel}","templated":true}]}}