{"id":4826,"date":"2015-08-24T13:26:31","date_gmt":"2015-08-24T13:26:31","guid":{"rendered":"http:\/\/umweltlexikon.katalyse.de\/?p=4826"},"modified":"2022-08-31T14:16:58","modified_gmt":"2022-08-31T12:16:58","slug":"vorsorgeprinzip","status":"publish","type":"post","link":"http:\/\/umweltlexikon.katalyse.de\/?p=4826","title":{"rendered":"Vorsorgeprinzip"},"content":{"rendered":"<div id=\"pl-4826\"  class=\"panel-layout\" ><div id=\"pg-4826-0\"  class=\"panel-grid panel-no-style\" ><div id=\"pgc-4826-0-0\"  class=\"panel-grid-cell panel-grid-cell-empty\" ><\/div><div id=\"pgc-4826-0-1\"  class=\"panel-grid-cell\" ><div id=\"panel-4826-0-1-0\" class=\"so-panel widget widget_black-studio-tinymce widget_black_studio_tinymce panel-first-child panel-last-child\" data-index=\"0\" ><div class=\"panel-widget-style panel-widget-style-for-4826-0-1-0\" ><div class=\"textwidget\"><p><b>Das V. hat das Ziel, vom reparierenden, reagierenden Umweltschutz weg und \u00fcber diesen hinaus zu einer l\u00e4ngerfristigen, an der Belastbarkeit der Umwelt orientierten Umweltplanung \u00fcberzugehen.<\/b><\/p>\n<p>Der Theorie nach sollen \u00fcber die Abwehr unmittelbarer Gefahren und bereits eingetretener Sch\u00e4den hinaus die nat\u00fcrlichen <span id=\"AutoLinkDescriptionBox7\"><\/span>Ressourcen gesch\u00fctzt bzw. schonend in Anspruch genommen werden. In der Praxis erfolgt, auch wo dies nicht sachgerecht ist, h\u00e4ufig eine Berufung auf das V., wenn ein politisches Interesse besteht, die (zwingenden) Rechtsfolgen der Gefahrenabwehr nicht eintreten zu lassen.<\/p>\n<p>Vorsorgema\u00dfnahmen unterscheiden sich von Ma\u00dfnahmen zur Gefahrenabwehr v.a. durch den mit ihnen er\u00f6ffneten weiten Ermessens- und Anpassungsspielraum, der nicht selten im Ergebnis zu Lasten der Natur und der <span id=\"AutoLinkDescriptionBox5\"><\/span>Gesundheit genutzt wird, w\u00e4hrend das Postulat fortschreitenden Umweltschutzes aufrechterhalten werden kann.<\/p>\n<p>Nach dem Grundgedanken des V. sollen Umweltbelastungen von vornherein vermieden und an der Quelle bek\u00e4mpft werden. Eine Anwendung des V. auf eingetretene Sch\u00e4den ist dagegen, wenn auch g\u00e4ngige Praxis, f\u00fcr den <span id=\"AutoLinkDescriptionBox2\"><\/span>Umweltschutz kontraproduktiv.<\/p>\n<p>Zur Konkretisierung des V. verf\u00fcgt das <span id=\"AutoLinkDescriptionBox9\"><\/span>Umweltrecht in Gesetzen, Rechtsverordnungen und Verwaltungsvorschriften \u00fcber unterschiedlich gewichtige Technikstandards, wie die \"allgemein anerkannten <span id=\"AutoLinkDescriptionBox4\"><\/span>Regeln der Technik\", den \"<span id=\"AutoLinkDescriptionBox1\"><\/span>Stand der Technik\" und den \"<span id=\"AutoLinkDescriptionBox11\"><\/span>Stand von Wissenschaft und Technik\", nach denen die Einwirkung auf die <span id=\"AutoLinkDescriptionBox3\"><\/span>Umwelt auf ein Mindestma\u00df zu beschr\u00e4nken ist. Konsequent angewandt, m\u00fcsste es umweltsch\u00fctzende Ma\u00dfnahmen bereits bei Gefahrverdacht erzwingen (Umkehr der Beweislast im politischen Entscheidungsprozess).<\/p>\n<p>Das V. ist einer der Grunds\u00e4tze der <span id=\"AutoLinkDescriptionBox12\"><\/span>Umweltpolitik. Die Vorsorge verfolgt \u00fcber die Schadensbeseitigung und Gefahrenabwehr (Schutzgrundsatz) hinaus drei Ziele:<\/p>\n<p>Durch Vorsorgema\u00dfnahmen soll Risiken entgegengewirkt werden, die auf den Grenzen der menschlichen Erkenntnis, auf anderen nicht zu beseitigenden Unsicherheiten der Bewertung von Immissionswirkungen, auf der Kumulation zahlreicher Immissionsbeitr\u00e4ge oder auf der besonderen Situation eines Betroffenen beruhen (Risikominimierung).<br \/>\nDurch Vorsorgema\u00dfnahmen sollen die Umweltbelastungen allgemein vermindert werden, um das Zusammenleben zu erleichtern (Sicherung der Umweltqualit\u00e4t, Umweltfreundlichkeit). Vorsorge kann unter keinem der genannten Gesichtspunkte uneingeschr\u00e4nkt gefordert werden. Der im Verfassungsrecht verankerte Grundsatz der Verh\u00e4ltnism\u00e4\u00dfigkeit von Mittel und Zweck ist stets zu beachten. Dabei sind insbesondere die Auswirkungen m\u00f6glicher Vorsorgema\u00dfnahmen und ihre Kosten abzuw\u00e4gen.<\/p>\n<\/div><\/div><\/div><\/div><\/div><div id=\"pg-4826-1\"  class=\"panel-grid panel-no-style\" ><div id=\"pgc-4826-1-0\"  class=\"panel-grid-cell\" ><div id=\"panel-4826-1-0-0\" class=\"so-panel widget widget_black-studio-tinymce widget_black_studio_tinymce panel-first-child panel-last-child\" data-index=\"1\" ><div class=\"textwidget\"><p style=\"text-align: right;\"><em>Autor: KATALYSE Institut<\/em><\/p>\n<\/div><\/div><\/div><\/div><\/div>","protected":false},"excerpt":{"rendered":"<p>Das V. hat das Ziel, vom reparierenden, reagierenden Umweltschutz weg und \u00fcber diesen hinaus zu einer l\u00e4ngerfristigen, an der Belastbarkeit der Umwelt orientierten Umweltplanung \u00fcberzugehen. Der Theorie nach sollen \u00fcber die Abwehr unmittelbarer Gefahren und bereits eingetretener Sch\u00e4den hinaus die nat\u00fcrlichen Ressourcen gesch\u00fctzt bzw. schonend in Anspruch genommen werden. In der Praxis erfolgt, auch wo [&hellip;]<\/p>\n","protected":false},"author":5,"featured_media":0,"comment_status":"closed","ping_status":"closed","sticky":false,"template":"","format":"standard","meta":{"footnotes":""},"categories":[15,32,61],"tags":[],"class_list":["post-4826","post","type-post","status-publish","format-standard","hentry","category-t-z","category-umweltrecht","category-v"],"_links":{"self":[{"href":"http:\/\/umweltlexikon.katalyse.de\/index.php?rest_route=\/wp\/v2\/posts\/4826","targetHints":{"allow":["GET"]}}],"collection":[{"href":"http:\/\/umweltlexikon.katalyse.de\/index.php?rest_route=\/wp\/v2\/posts"}],"about":[{"href":"http:\/\/umweltlexikon.katalyse.de\/index.php?rest_route=\/wp\/v2\/types\/post"}],"author":[{"embeddable":true,"href":"http:\/\/umweltlexikon.katalyse.de\/index.php?rest_route=\/wp\/v2\/users\/5"}],"replies":[{"embeddable":true,"href":"http:\/\/umweltlexikon.katalyse.de\/index.php?rest_route=%2Fwp%2Fv2%2Fcomments&post=4826"}],"version-history":[{"count":2,"href":"http:\/\/umweltlexikon.katalyse.de\/index.php?rest_route=\/wp\/v2\/posts\/4826\/revisions"}],"predecessor-version":[{"id":7228,"href":"http:\/\/umweltlexikon.katalyse.de\/index.php?rest_route=\/wp\/v2\/posts\/4826\/revisions\/7228"}],"wp:attachment":[{"href":"http:\/\/umweltlexikon.katalyse.de\/index.php?rest_route=%2Fwp%2Fv2%2Fmedia&parent=4826"}],"wp:term":[{"taxonomy":"category","embeddable":true,"href":"http:\/\/umweltlexikon.katalyse.de\/index.php?rest_route=%2Fwp%2Fv2%2Fcategories&post=4826"},{"taxonomy":"post_tag","embeddable":true,"href":"http:\/\/umweltlexikon.katalyse.de\/index.php?rest_route=%2Fwp%2Fv2%2Ftags&post=4826"}],"curies":[{"name":"wp","href":"https:\/\/api.w.org\/{rel}","templated":true}]}}