{"id":4195,"date":"2015-08-03T11:36:12","date_gmt":"2015-08-03T11:36:12","guid":{"rendered":"http:\/\/umweltlexikon.katalyse.de\/?p=4195"},"modified":"2015-08-03T11:36:12","modified_gmt":"2015-08-03T11:36:12","slug":"aktivkohle-dosimeter","status":"publish","type":"post","link":"http:\/\/umweltlexikon.katalyse.de\/?p=4195","title":{"rendered":"Aktivkohle-Dosimeter"},"content":{"rendered":"<div id=\"pl-4195\"  class=\"panel-layout\" ><div id=\"pg-4195-0\"  class=\"panel-grid panel-no-style\" ><div id=\"pgc-4195-0-0\"  class=\"panel-grid-cell\" ><div id=\"panel-4195-0-0-0\" class=\"so-panel widget widget_sow-image panel-first-child panel-last-child\" data-index=\"0\" ><div\n\t\t\t\n\t\t\tclass=\"so-widget-sow-image so-widget-sow-image-default-8b5b6f678277-4195\"\n\t\t\t\n\t\t><\/div><\/div><\/div><div id=\"pgc-4195-0-1\"  class=\"panel-grid-cell\" ><div id=\"panel-4195-0-1-0\" class=\"so-panel widget widget_black-studio-tinymce widget_black_studio_tinymce panel-first-child panel-last-child\" data-index=\"1\" ><div class=\"panel-widget-style panel-widget-style-for-4195-0-1-0\" ><div class=\"textwidget\"><p><b>Mit Aktivkohle gef\u00fcllte, luftdicht verschlossene Metalldose (\u00e4hnlich einer Tabakdose), mit der die Konzentration von Radon in der Luft bestimmt werden kann.<\/b><\/p>\n<p>Zur Messung wird das A. ge\u00f6ffnet an der zu messenden Stelle aufgestellt (meist drei Tage). Die Aktivkohle nimmt nun, je nach Radonkonzentration, verschieden viel Radon auf. Nach Ablauf der Aufstellzeit mu\u00df das A. wieder luftdicht verschlossen und einem geeigneten Labor zugeschickt werden, wo es mit Hilfe eines Gammaspektrometers ausgewertet wird.<\/p>\n<p>Die Aktivkohle nimmt \u00fcber die Aufstellzeit nicht gleichm\u00e4\u00dfig Radon auf. Schwankungen der Radonkonzentration werden daher nur ungenau gemittelt. F\u00fcr Messungen unter Nutzungsbedingungen und \u00fcber l\u00e4ngere Zeitr\u00e4ume sind Kernspur-Dosimeter besser geeignet.<\/p>\n<\/div><\/div><\/div><\/div><\/div><div id=\"pg-4195-1\"  class=\"panel-grid panel-no-style\" ><div id=\"pgc-4195-1-0\"  class=\"panel-grid-cell\" ><div id=\"panel-4195-1-0-0\" class=\"so-panel widget widget_black-studio-tinymce widget_black_studio_tinymce panel-first-child panel-last-child\" data-index=\"2\" ><div class=\"textwidget\"><p style=\"text-align: right;\"><em>Autor: KATALYSE Institut<\/em><\/p>\n<\/div><\/div><\/div><\/div><\/div>","protected":false},"excerpt":{"rendered":"<p>Mit Aktivkohle gef\u00fcllte, luftdicht verschlossene Metalldose (\u00e4hnlich einer Tabakdose), mit der die Konzentration von Radon in der Luft bestimmt werden kann.Zur Messung wird das A. ge\u00f6ffnet an der zu messenden Stelle aufgestellt (meist drei Tage). Die Aktivkohle nimmt nun, je nach Radonkonzentration, verschieden viel Radon auf. Nach Ablauf der Aufstellzeit mu\u00df das A. wieder luftdicht [&hellip;]<\/p>\n","protected":false},"author":10,"featured_media":0,"comment_status":"closed","ping_status":"closed","sticky":false,"template":"","format":"standard","meta":{"footnotes":""},"categories":[39,11,30],"tags":[],"class_list":["post-4195","post","type-post","status-publish","format-standard","hentry","category-a","category-alphabetisch","category-substanzen-werkstoffe"],"_links":{"self":[{"href":"http:\/\/umweltlexikon.katalyse.de\/index.php?rest_route=\/wp\/v2\/posts\/4195","targetHints":{"allow":["GET"]}}],"collection":[{"href":"http:\/\/umweltlexikon.katalyse.de\/index.php?rest_route=\/wp\/v2\/posts"}],"about":[{"href":"http:\/\/umweltlexikon.katalyse.de\/index.php?rest_route=\/wp\/v2\/types\/post"}],"author":[{"embeddable":true,"href":"http:\/\/umweltlexikon.katalyse.de\/index.php?rest_route=\/wp\/v2\/users\/10"}],"replies":[{"embeddable":true,"href":"http:\/\/umweltlexikon.katalyse.de\/index.php?rest_route=%2Fwp%2Fv2%2Fcomments&post=4195"}],"version-history":[{"count":1,"href":"http:\/\/umweltlexikon.katalyse.de\/index.php?rest_route=\/wp\/v2\/posts\/4195\/revisions"}],"predecessor-version":[{"id":4196,"href":"http:\/\/umweltlexikon.katalyse.de\/index.php?rest_route=\/wp\/v2\/posts\/4195\/revisions\/4196"}],"wp:attachment":[{"href":"http:\/\/umweltlexikon.katalyse.de\/index.php?rest_route=%2Fwp%2Fv2%2Fmedia&parent=4195"}],"wp:term":[{"taxonomy":"category","embeddable":true,"href":"http:\/\/umweltlexikon.katalyse.de\/index.php?rest_route=%2Fwp%2Fv2%2Fcategories&post=4195"},{"taxonomy":"post_tag","embeddable":true,"href":"http:\/\/umweltlexikon.katalyse.de\/index.php?rest_route=%2Fwp%2Fv2%2Ftags&post=4195"}],"curies":[{"name":"wp","href":"https:\/\/api.w.org\/{rel}","templated":true}]}}