{"id":419,"date":"2015-03-10T13:59:04","date_gmt":"2015-03-10T13:59:04","guid":{"rendered":"http:\/\/umweltlexikon.katalyse.de\/?p=419"},"modified":"2015-03-10T13:59:43","modified_gmt":"2015-03-10T13:59:43","slug":"ta-abfall","status":"publish","type":"post","link":"http:\/\/umweltlexikon.katalyse.de\/?p=419","title":{"rendered":"TA-Abfall"},"content":{"rendered":"<div id=\"pl-419\"  class=\"panel-layout\" ><div id=\"pg-419-0\"  class=\"panel-grid panel-no-style\" ><div id=\"pgc-419-0-0\"  class=\"panel-grid-cell panel-grid-cell-empty\" ><\/div><div id=\"pgc-419-0-1\"  class=\"panel-grid-cell\" ><div id=\"panel-419-0-1-0\" class=\"so-panel widget widget_black-studio-tinymce widget_black_studio_tinymce panel-first-child panel-last-child\" data-index=\"0\" ><div class=\"panel-widget-style panel-widget-style-for-419-0-1-0\" ><div class=\"textwidget\"><p><b>Zweite allgemeine Verwaltungsvorschrift, die auf Grundlage des 4 Absatz 5 Abfallgesetz (Erm\u00e4chtigungsgrundlage) erlassen wurde.<\/b><\/p>\n<p style=\"text-align: justify;\">W\u00e4hrend die erste <span id=\"AutoLinkDescriptionBox3\"><\/span>Verwaltungsvorschriftdie EG-Richtlinie zum Schutz des Grundwassers gegen Verschmutzung durch bestimmte gef\u00e4hrliche Stoffe ins nationale Recht umsetzte, regelt die T. Anforderungen an die <span id=\"AutoLinkDescriptionBox2\"><\/span>Entsorgung von besonders \u00fcberwachungsbed\u00fcrftigenAbf\u00e4llen nach dem <span id=\"AutoLinkDescriptionBox1\"><\/span>Stand der Technik. Sie wurde 1990 in zwei Teilen erlassen.<\/p>\n<\/div><\/div><\/div><\/div><\/div><div id=\"pg-419-1\"  class=\"panel-grid panel-no-style\" ><div id=\"pgc-419-1-0\"  class=\"panel-grid-cell\" ><div id=\"panel-419-1-0-0\" class=\"so-panel widget widget_black-studio-tinymce widget_black_studio_tinymce panel-first-child panel-last-child\" data-index=\"1\" ><div class=\"textwidget\"><p style=\"text-align: right;\"><em>Autor: KATALYSE Institut<\/em><\/p>\n<\/div><\/div><\/div><\/div><\/div>","protected":false},"excerpt":{"rendered":"<p>Zweite allgemeine Verwaltungsvorschrift, die auf Grundlage des 4 Absatz 5 Abfallgesetz (Erm\u00e4chtigungsgrundlage) erlassen wurde.W\u00e4hrend die erste Verwaltungsvorschriftdie EG-Richtlinie zum Schutz des Grundwassers gegen Verschmutzung durch bestimmte gef\u00e4hrliche Stoffe ins nationale Recht umsetzte, regelt die T. Anforderungen an die Entsorgung von besonders \u00fcberwachungsbed\u00fcrftigenAbf\u00e4llen nach dem Stand der Technik. Sie wurde 1990 in zwei Teilen erlassen. Autor: [&hellip;]<\/p>\n","protected":false},"author":2,"featured_media":0,"comment_status":"closed","ping_status":"closed","sticky":false,"template":"","format":"standard","meta":{"footnotes":""},"categories":[17,59,15,32],"tags":[],"class_list":["post-419","post","type-post","status-publish","format-standard","hentry","category-abfall","category-t","category-t-z","category-umweltrecht"],"_links":{"self":[{"href":"http:\/\/umweltlexikon.katalyse.de\/index.php?rest_route=\/wp\/v2\/posts\/419","targetHints":{"allow":["GET"]}}],"collection":[{"href":"http:\/\/umweltlexikon.katalyse.de\/index.php?rest_route=\/wp\/v2\/posts"}],"about":[{"href":"http:\/\/umweltlexikon.katalyse.de\/index.php?rest_route=\/wp\/v2\/types\/post"}],"author":[{"embeddable":true,"href":"http:\/\/umweltlexikon.katalyse.de\/index.php?rest_route=\/wp\/v2\/users\/2"}],"replies":[{"embeddable":true,"href":"http:\/\/umweltlexikon.katalyse.de\/index.php?rest_route=%2Fwp%2Fv2%2Fcomments&post=419"}],"version-history":[{"count":1,"href":"http:\/\/umweltlexikon.katalyse.de\/index.php?rest_route=\/wp\/v2\/posts\/419\/revisions"}],"predecessor-version":[{"id":420,"href":"http:\/\/umweltlexikon.katalyse.de\/index.php?rest_route=\/wp\/v2\/posts\/419\/revisions\/420"}],"wp:attachment":[{"href":"http:\/\/umweltlexikon.katalyse.de\/index.php?rest_route=%2Fwp%2Fv2%2Fmedia&parent=419"}],"wp:term":[{"taxonomy":"category","embeddable":true,"href":"http:\/\/umweltlexikon.katalyse.de\/index.php?rest_route=%2Fwp%2Fv2%2Fcategories&post=419"},{"taxonomy":"post_tag","embeddable":true,"href":"http:\/\/umweltlexikon.katalyse.de\/index.php?rest_route=%2Fwp%2Fv2%2Ftags&post=419"}],"curies":[{"name":"wp","href":"https:\/\/api.w.org\/{rel}","templated":true}]}}