{"id":4021,"date":"2015-07-29T12:16:39","date_gmt":"2015-07-29T12:16:39","guid":{"rendered":"http:\/\/umweltlexikon.katalyse.de\/?p=4021"},"modified":"2015-07-29T12:16:39","modified_gmt":"2015-07-29T12:16:39","slug":"beschleunigungsgesetz","status":"publish","type":"post","link":"http:\/\/umweltlexikon.katalyse.de\/?p=4021","title":{"rendered":"Beschleunigungsgesetz"},"content":{"rendered":"<div id=\"pl-4021\"  class=\"panel-layout\" ><div id=\"pg-4021-0\"  class=\"panel-grid panel-no-style\" ><div id=\"pgc-4021-0-0\"  class=\"panel-grid-cell panel-grid-cell-empty\" ><\/div><div id=\"pgc-4021-0-1\"  class=\"panel-grid-cell\" ><div id=\"panel-4021-0-1-0\" class=\"so-panel widget widget_black-studio-tinymce widget_black_studio_tinymce panel-first-child panel-last-child\" data-index=\"0\" ><div class=\"panel-widget-style panel-widget-style-for-4021-0-1-0\" ><div class=\"textwidget\"><p><b>Das B. wurde nach der Wiedervereinigung 1991 in Ostdeutschland eingef\u00fchrt, um die Planungen f\u00fcr den Bau von Verkehrswegen zu beschleunigen.<\/b> <\/p>\n<div id=\"Infobox-links\">\n<div id=\"Infobox-Kopf\">\"Umweltrecht\"<\/div>\n<div id=\"Infobox-Content\">\u00a0<\/div>\n<\/div>\n<p>Es sieht vor, dass Klagen gegen Projekte nicht den normalen mehrstufigen Instanzenweg der Gerichte durchlaufen, sondern direkt und in letzter Instanz vom Bundesverwaltungsgericht entschieden werden. <\/p>\n<p>Aktuell soll das B. zur Planung von Verkehrswegen bis zum Ende der Laufzeit des Solidarpaktes II im Jahr 2019 verl\u00e4ngert werden.<\/p>\n<p>Dies soll helfen, Infrastrukturprojekte auch in Zukunft schneller zu realisieren. Hierdurch werden Planungsverfahren um Jahre beschleunigt, wovon v.a. die Wirtschaft direkt profitiert. Dagegen sind die Umweltverb\u00e4nde und B\u00fcndnis 90\/Die Gr\u00fcnen, die hierin eine Beschneidung der B\u00fcrgerrrechte sehen und bef\u00fcrchten, dass sch\u00fctzenswerte Landschaften und Biotope der Verkehrswegeplanung geopfert werden.<\/p>\n<p><b>siehe Stichwort <span id=\"AutoLinkDescriptionBox1\"><br \/><\/span>Verkehrswegeplanungsbeschleunigungsgesetz<\/b><\/p>\n<\/div><\/div><\/div><\/div><\/div><div id=\"pg-4021-1\"  class=\"panel-grid panel-no-style\" ><div id=\"pgc-4021-1-0\"  class=\"panel-grid-cell\" ><div id=\"panel-4021-1-0-0\" class=\"so-panel widget widget_black-studio-tinymce widget_black_studio_tinymce panel-first-child panel-last-child\" data-index=\"1\" ><div class=\"textwidget\"><p style=\"text-align: right;\"><em>Autor: KATALYSE Institut<\/em><\/p>\n<\/div><\/div><\/div><\/div><\/div>","protected":false},"excerpt":{"rendered":"<p>Das B. wurde nach der Wiedervereinigung 1991 in Ostdeutschland eingef\u00fchrt, um die Planungen f\u00fcr den Bau von Verkehrswegen zu beschleunigen. &#8222;Umweltrecht&#8220;\u00a0Es sieht vor, dass Klagen gegen Projekte nicht den normalen mehrstufigen Instanzenweg der Gerichte durchlaufen, sondern direkt und in letzter Instanz vom Bundesverwaltungsgericht entschieden werden. Aktuell soll das B. zur Planung von Verkehrswegen bis zum [&hellip;]<\/p>\n","protected":false},"author":5,"featured_media":0,"comment_status":"closed","ping_status":"closed","sticky":false,"template":"","format":"standard","meta":{"footnotes":""},"categories":[12,40,32],"tags":[],"class_list":["post-4021","post","type-post","status-publish","format-standard","hentry","category-a-f","category-b","category-umweltrecht"],"_links":{"self":[{"href":"http:\/\/umweltlexikon.katalyse.de\/index.php?rest_route=\/wp\/v2\/posts\/4021","targetHints":{"allow":["GET"]}}],"collection":[{"href":"http:\/\/umweltlexikon.katalyse.de\/index.php?rest_route=\/wp\/v2\/posts"}],"about":[{"href":"http:\/\/umweltlexikon.katalyse.de\/index.php?rest_route=\/wp\/v2\/types\/post"}],"author":[{"embeddable":true,"href":"http:\/\/umweltlexikon.katalyse.de\/index.php?rest_route=\/wp\/v2\/users\/5"}],"replies":[{"embeddable":true,"href":"http:\/\/umweltlexikon.katalyse.de\/index.php?rest_route=%2Fwp%2Fv2%2Fcomments&post=4021"}],"version-history":[{"count":1,"href":"http:\/\/umweltlexikon.katalyse.de\/index.php?rest_route=\/wp\/v2\/posts\/4021\/revisions"}],"predecessor-version":[{"id":4022,"href":"http:\/\/umweltlexikon.katalyse.de\/index.php?rest_route=\/wp\/v2\/posts\/4021\/revisions\/4022"}],"wp:attachment":[{"href":"http:\/\/umweltlexikon.katalyse.de\/index.php?rest_route=%2Fwp%2Fv2%2Fmedia&parent=4021"}],"wp:term":[{"taxonomy":"category","embeddable":true,"href":"http:\/\/umweltlexikon.katalyse.de\/index.php?rest_route=%2Fwp%2Fv2%2Fcategories&post=4021"},{"taxonomy":"post_tag","embeddable":true,"href":"http:\/\/umweltlexikon.katalyse.de\/index.php?rest_route=%2Fwp%2Fv2%2Ftags&post=4021"}],"curies":[{"name":"wp","href":"https:\/\/api.w.org\/{rel}","templated":true}]}}