{"id":3925,"date":"2015-07-27T12:01:00","date_gmt":"2015-07-27T12:01:00","guid":{"rendered":"http:\/\/umweltlexikon.katalyse.de\/?p=3925"},"modified":"2015-07-27T12:01:00","modified_gmt":"2015-07-27T12:01:00","slug":"umweltverbaende","status":"publish","type":"post","link":"http:\/\/umweltlexikon.katalyse.de\/?p=3925","title":{"rendered":"Umweltverb\u00e4nde"},"content":{"rendered":"<div id=\"pl-3925\"  class=\"panel-layout\" ><div id=\"pg-3925-0\"  class=\"panel-grid panel-no-style\" ><div id=\"pgc-3925-0-0\"  class=\"panel-grid-cell panel-grid-cell-empty\" ><\/div><div id=\"pgc-3925-0-1\"  class=\"panel-grid-cell\" ><div id=\"panel-3925-0-1-0\" class=\"so-panel widget widget_black-studio-tinymce widget_black_studio_tinymce panel-first-child panel-last-child\" data-index=\"0\" ><div class=\"panel-widget-style panel-widget-style-for-3925-0-1-0\" ><div class=\"textwidget\"><p><b>Verb\u00e4nde sind Vereinigungen von Personen oder Personengruppen, die sich zur Verfolgung gemeinsamer Interessen bilden.<br \/><\/b><br \/>Die ersten Verb\u00e4nde des traditionellen Naturschutzes wurden Ende des 19. Jh. gegr\u00fcndet: Die Naturfreunde (1885) und der Deutsche <span id=\"AutoLinkDescriptionBox3\"><\/span>Bund f\u00fcr Vogelschutz (1899). 1913 wurde der <span id=\"AutoLinkDescriptionBox4\"><\/span>Bund <span id=\"AutoLinkDescriptionBox8\"><\/span>Naturschutz in Bayern gegr\u00fcndet.<br \/>Die verst\u00e4rkte Aufmerksamkeit f\u00fcr Umweltprobleme f\u00fchrte ab Mitte der 70er Jahre zu vermehrten Gr\u00fcndungen von U.: Bundesverband B\u00fcrgerinitiativen <span id=\"AutoLinkDescriptionBox1\"><\/span>Umweltschutz(1972), <span id=\"AutoLinkDescriptionBox5\"><\/span>Bund <span id=\"AutoLinkDescriptionBox2\"><\/span>Umwelt und <span id=\"AutoLinkDescriptionBox9\"><\/span>Naturschutz Deutschland (1975), <span id=\"AutoLinkDescriptionBox10\"><\/span>Greenpeace Deutschland (1980) und viele andere kleinere Organisationen. Sie verfolgen weniger klassische Naturschutziele (z.B. <span id=\"AutoLinkDescriptionBox7\"><\/span>Artenschutz, <span id=\"AutoLinkDescriptionBox6\"><\/span>Biotop-Schutz) als vielmehr globale Ziele des Umweltschutzes (Ver\u00e4nderung industrieller Produktion, Einsatz marktwirtschaftlicher Instrumente usw.).<br \/>Zur Vertretung der Interessen des Natur- und Umweltschutzes stehen den Organisationen mehrere Instrumente zur Verf\u00fcgung: \u00f6ffentliche Aktionen (Demonstrationen, Blockaden, Presseberichte), Information (durch Brosch\u00fcren, B\u00fccher usw.), Beeinflussung politischer Entscheidungstr\u00e4ger (Lobby-Arbeit), klassische Naturschutzarbeit (z.B. Biotoppflege).<br \/>Auf Bundesebene stellt der 1950 gegr\u00fcndete Deutsche Naturschutzring (DNR) mit ca. 90 Mitgliedsverb\u00e4nden den Dachverband der U. dar. Der DNR vertritt damit rd. 2,7 Mio Mitglieder.<\/p>\n<\/div><\/div><\/div><\/div><\/div><div id=\"pg-3925-1\"  class=\"panel-grid panel-no-style\" ><div id=\"pgc-3925-1-0\"  class=\"panel-grid-cell\" ><div id=\"panel-3925-1-0-0\" class=\"so-panel widget widget_black-studio-tinymce widget_black_studio_tinymce panel-first-child panel-last-child\" data-index=\"1\" ><div class=\"textwidget\"><p style=\"text-align: right;\"><em>Autor: KATALYSE Institut<\/em><\/p>\n<\/div><\/div><\/div><\/div><\/div>","protected":false},"excerpt":{"rendered":"<p>Verb\u00e4nde sind Vereinigungen von Personen oder Personengruppen, die sich zur Verfolgung gemeinsamer Interessen bilden.Die ersten Verb\u00e4nde des traditionellen Naturschutzes wurden Ende des 19. Jh. gegr\u00fcndet: Die Naturfreunde (1885) und der Deutsche Bund f\u00fcr Vogelschutz (1899). 1913 wurde der Bund Naturschutz in Bayern gegr\u00fcndet.Die verst\u00e4rkte Aufmerksamkeit f\u00fcr Umweltprobleme f\u00fchrte ab Mitte der 70er Jahre zu vermehrten [&hellip;]<\/p>\n","protected":false},"author":5,"featured_media":0,"comment_status":"closed","ping_status":"closed","sticky":false,"template":"","format":"standard","meta":{"footnotes":""},"categories":[15,60,31],"tags":[],"class_list":["post-3925","post","type-post","status-publish","format-standard","hentry","category-t-z","category-u","category-umweltorganisationen"],"_links":{"self":[{"href":"http:\/\/umweltlexikon.katalyse.de\/index.php?rest_route=\/wp\/v2\/posts\/3925","targetHints":{"allow":["GET"]}}],"collection":[{"href":"http:\/\/umweltlexikon.katalyse.de\/index.php?rest_route=\/wp\/v2\/posts"}],"about":[{"href":"http:\/\/umweltlexikon.katalyse.de\/index.php?rest_route=\/wp\/v2\/types\/post"}],"author":[{"embeddable":true,"href":"http:\/\/umweltlexikon.katalyse.de\/index.php?rest_route=\/wp\/v2\/users\/5"}],"replies":[{"embeddable":true,"href":"http:\/\/umweltlexikon.katalyse.de\/index.php?rest_route=%2Fwp%2Fv2%2Fcomments&post=3925"}],"version-history":[{"count":1,"href":"http:\/\/umweltlexikon.katalyse.de\/index.php?rest_route=\/wp\/v2\/posts\/3925\/revisions"}],"predecessor-version":[{"id":3926,"href":"http:\/\/umweltlexikon.katalyse.de\/index.php?rest_route=\/wp\/v2\/posts\/3925\/revisions\/3926"}],"wp:attachment":[{"href":"http:\/\/umweltlexikon.katalyse.de\/index.php?rest_route=%2Fwp%2Fv2%2Fmedia&parent=3925"}],"wp:term":[{"taxonomy":"category","embeddable":true,"href":"http:\/\/umweltlexikon.katalyse.de\/index.php?rest_route=%2Fwp%2Fv2%2Fcategories&post=3925"},{"taxonomy":"post_tag","embeddable":true,"href":"http:\/\/umweltlexikon.katalyse.de\/index.php?rest_route=%2Fwp%2Fv2%2Ftags&post=3925"}],"curies":[{"name":"wp","href":"https:\/\/api.w.org\/{rel}","templated":true}]}}