{"id":3904,"date":"2015-07-21T09:12:51","date_gmt":"2015-07-21T09:12:51","guid":{"rendered":"http:\/\/umweltlexikon.katalyse.de\/?p=3904"},"modified":"2015-07-21T09:12:51","modified_gmt":"2015-07-21T09:12:51","slug":"rat-der-sachverstaendigen-fuer-umweltfragen","status":"publish","type":"post","link":"http:\/\/umweltlexikon.katalyse.de\/?p=3904","title":{"rendered":"Rat der Sachverst\u00e4ndigen f\u00fcr Umweltfragen"},"content":{"rendered":"<div id=\"pl-3904\"  class=\"panel-layout\" ><div id=\"pg-3904-0\"  class=\"panel-grid panel-no-style\" ><div id=\"pgc-3904-0-0\"  class=\"panel-grid-cell panel-grid-cell-empty\" ><\/div><div id=\"pgc-3904-0-1\"  class=\"panel-grid-cell\" ><div id=\"panel-3904-0-1-0\" class=\"so-panel widget widget_black-studio-tinymce widget_black_studio_tinymce panel-first-child panel-last-child\" data-index=\"0\" ><div class=\"panel-widget-style panel-widget-style-for-3904-0-1-0\" ><div class=\"textwidget\"><p><b>Durch Erla\u00df vom 28.12.1971 beim (damals f\u00fcr den <span id=\"AutoLinkDescriptionBox1\"><\/span>Umweltschutz zust\u00e4ndigen) Bundesinnenminister eingerichtetes Gremium zur periodischen Begutachtung der Umweltsituation und deren Entwicklungstendenzen in Deutschland sowie zur Erleichterung der Urteilsbildung bei allen umweltpolitisch verantwortlichen Instanzen und der \u00d6ffentlichkeit.<\/b> <\/p>\n<p>Der R. hat einerseits \"Fr\u00fchwarnfunktion\" in wichtigen \u00f6kologischen Fragen,<\/p>\n<div id=\"Infobox-links\">\n<div id=\"Infobox-Kopf\">\"Umweltorganisation\"<\/div>\n<\/div>\n<p>andererseits ist es seine Aufgabe, den jeweiligen Status quo zu registrieren, zusammenfassend darzustellen und L\u00f6sungsm\u00f6glichkeiten f\u00fcr Konflikt- und Problemlagen, wie sie in Wissenschaft, Wirtschaft und Politik diskutiert werden, bewertend darzustellen. <br \/>Grunds\u00e4tzlich ist der R. nur an seinen Auftrag gebunden, in seiner T\u00e4tigkeit unabh\u00e4ngig und keiner Weisung unterworfen. Daraus folgt, da\u00df er frei ist in der Wahl seiner Besch\u00e4ftigungsfelder. Er kann jedoch zur Abgabe von Sondergutachten zu bestimmten Themen im Einzelfall aufgefordert werden. <br \/>Seine Mitglieder d\u00fcrfen weder der Regierung oder einer gesetzgebenden K\u00f6rperschaft noch dem \u00f6ffentlichen Dienst des Bundes, eines Landes oder einer sonstigen Person des \u00f6ffentlichen Rechts, es sei denn als Hochschullehrer oder als Mitarbeiter eines wissenschaftlichen Instituts, angeh\u00f6ren. Ferner d\u00fcrfen sie nicht Repr\u00e4sentant eines Wirtschaftsverbandes, der Gewerkschaft oder des Arbeitgeberverbandes sein, noch d\u00fcrfen sie im Jahr vor ihrer Berufung eine solche Position innegehabt haben. Die Zahl der st\u00e4ndigen Mitglieder belief sich bisher auf etwa zw\u00f6lf Personen, unter ihnen ein Jurist, ein Landschafts\u00f6kologe, ein Vertreter der Siedlungswasserwirtschaft, der Abfallwirtschaft, der Medizin, der <span id=\"AutoLinkDescriptionBox4\"><\/span>Toxikologie, der Arbeitsmedizin, der Regionalwissenschaft, ein Ingenieur, ein Biogeograph, ein Vertreter der Verfahrenstechnik und ein Sachverst\u00e4ndiger der <span id=\"AutoLinkDescriptionBox2\"><\/span>Volkswirtschaft und Finanzwissenschaft. Frauen geh\u00f6ren dem R. bislang nicht an.<br \/>Die Gesamt- und Einzelgutachten, Kurzfassungen sowie Sondergutachten werden ver\u00f6ffentlicht und sind im Buchhandel, beim <span id=\"AutoLinkDescriptionBox3\"><\/span>Umweltbundesamt in Berlin oder beim Bundesministerium f\u00fcr Umwelt in Bonn erh\u00e4ltlich.<\/p>\n<\/div><\/div><\/div><\/div><\/div><div id=\"pg-3904-1\"  class=\"panel-grid panel-no-style\" ><div id=\"pgc-3904-1-0\"  class=\"panel-grid-cell\" ><div id=\"panel-3904-1-0-0\" class=\"so-panel widget widget_black-studio-tinymce widget_black_studio_tinymce panel-first-child panel-last-child\" data-index=\"1\" ><div class=\"textwidget\"><p style=\"text-align: right;\"><em>Autor: KATALYSE Institut<\/em><\/p>\n<\/div><\/div><\/div><\/div><\/div>","protected":false},"excerpt":{"rendered":"<p>Durch Erla\u00df vom 28.12.1971 beim (damals f\u00fcr den Umweltschutz zust\u00e4ndigen) Bundesinnenminister eingerichtetes Gremium zur periodischen Begutachtung der Umweltsituation und deren Entwicklungstendenzen in Deutschland sowie zur Erleichterung der Urteilsbildung bei allen umweltpolitisch verantwortlichen Instanzen und der \u00d6ffentlichkeit. Der R. hat einerseits &#8222;Fr\u00fchwarnfunktion&#8220; in wichtigen \u00f6kologischen Fragen,&#8220;Umweltorganisation&#8220;andererseits ist es seine Aufgabe, den jeweiligen Status quo zu registrieren, [&hellip;]<\/p>\n","protected":false},"author":5,"featured_media":0,"comment_status":"closed","ping_status":"closed","sticky":false,"template":"","format":"standard","meta":{"footnotes":""},"categories":[14,56,31],"tags":[],"class_list":["post-3904","post","type-post","status-publish","format-standard","hentry","category-n-s","category-r","category-umweltorganisationen"],"_links":{"self":[{"href":"http:\/\/umweltlexikon.katalyse.de\/index.php?rest_route=\/wp\/v2\/posts\/3904","targetHints":{"allow":["GET"]}}],"collection":[{"href":"http:\/\/umweltlexikon.katalyse.de\/index.php?rest_route=\/wp\/v2\/posts"}],"about":[{"href":"http:\/\/umweltlexikon.katalyse.de\/index.php?rest_route=\/wp\/v2\/types\/post"}],"author":[{"embeddable":true,"href":"http:\/\/umweltlexikon.katalyse.de\/index.php?rest_route=\/wp\/v2\/users\/5"}],"replies":[{"embeddable":true,"href":"http:\/\/umweltlexikon.katalyse.de\/index.php?rest_route=%2Fwp%2Fv2%2Fcomments&post=3904"}],"version-history":[{"count":1,"href":"http:\/\/umweltlexikon.katalyse.de\/index.php?rest_route=\/wp\/v2\/posts\/3904\/revisions"}],"predecessor-version":[{"id":3905,"href":"http:\/\/umweltlexikon.katalyse.de\/index.php?rest_route=\/wp\/v2\/posts\/3904\/revisions\/3905"}],"wp:attachment":[{"href":"http:\/\/umweltlexikon.katalyse.de\/index.php?rest_route=%2Fwp%2Fv2%2Fmedia&parent=3904"}],"wp:term":[{"taxonomy":"category","embeddable":true,"href":"http:\/\/umweltlexikon.katalyse.de\/index.php?rest_route=%2Fwp%2Fv2%2Fcategories&post=3904"},{"taxonomy":"post_tag","embeddable":true,"href":"http:\/\/umweltlexikon.katalyse.de\/index.php?rest_route=%2Fwp%2Fv2%2Ftags&post=3904"}],"curies":[{"name":"wp","href":"https:\/\/api.w.org\/{rel}","templated":true}]}}