{"id":3724,"date":"2015-07-20T09:53:50","date_gmt":"2015-07-20T09:53:50","guid":{"rendered":"http:\/\/umweltlexikon.katalyse.de\/?p=3724"},"modified":"2015-07-20T09:53:50","modified_gmt":"2015-07-20T09:53:50","slug":"berufsverkehr","status":"publish","type":"post","link":"http:\/\/umweltlexikon.katalyse.de\/?p=3724","title":{"rendered":"Berufsverkehr"},"content":{"rendered":"<div id=\"pl-3724\"  class=\"panel-layout\" ><div id=\"pg-3724-0\"  class=\"panel-grid panel-no-style\" ><div id=\"pgc-3724-0-0\"  class=\"panel-grid-cell panel-grid-cell-empty\" ><\/div><div id=\"pgc-3724-0-1\"  class=\"panel-grid-cell\" ><div id=\"panel-3724-0-1-0\" class=\"so-panel widget widget_black-studio-tinymce widget_black_studio_tinymce panel-first-child panel-last-child\" data-index=\"0\" ><div class=\"panel-widget-style panel-widget-style-for-3724-0-1-0\" ><div class=\"textwidget\"><p><b>Rund 20% aller zur\u00fcckgelegten Wege sind Wege zur Arbeit und zur\u00fcck.<\/b><\/p>\n<p style=\"text-align: justify;\">Etwa 2\/3 aller Erwerbst\u00e4tigen benutzen dazu das Auto (Stra\u00dfenverkehr) als Verkehrsmittel (Pendler). Die damit verbundenen Umweltbelastungen zeigen sich besonders stark in den Ballungsgebieten durch allt\u00e4gliche Verkehrsstaus und die \u00dcberlastung der st\u00e4dtischen Verkehrswege. <\/p>\n<p>M\u00f6glichkeiten der Verringerung der Umweltbelastung gibt es durch das Bilden von Fahrgemeinschaften, das Benutzen von Park-and-Ride-Systemen oder das Umsteigen auf den \u00f6ffentlichen Personennahverkehr oder langfristig die Schaffung von Raumstrukturen, die k\u00fcrzere Arbeitswege beg\u00fcnstigen.<\/p>\n<\/div><\/div><\/div><\/div><\/div><div id=\"pg-3724-1\"  class=\"panel-grid panel-no-style\" ><div id=\"pgc-3724-1-0\"  class=\"panel-grid-cell\" ><div id=\"panel-3724-1-0-0\" class=\"so-panel widget widget_black-studio-tinymce widget_black_studio_tinymce panel-first-child panel-last-child\" data-index=\"1\" ><div class=\"textwidget\"><p style=\"text-align: right;\"><em>Autor: KATALYSE Institut<\/em><\/p>\n<\/div><\/div><\/div><\/div><\/div>","protected":false},"excerpt":{"rendered":"<p>Rund 20% aller zur\u00fcckgelegten Wege sind Wege zur Arbeit und zur\u00fcck.Etwa 2\/3 aller Erwerbst\u00e4tigen benutzen dazu das Auto (Stra\u00dfenverkehr) als Verkehrsmittel (Pendler). Die damit verbundenen Umweltbelastungen zeigen sich besonders stark in den Ballungsgebieten durch allt\u00e4gliche Verkehrsstaus und die \u00dcberlastung der st\u00e4dtischen Verkehrswege. M\u00f6glichkeiten der Verringerung der Umweltbelastung gibt es durch das Bilden von Fahrgemeinschaften, das [&hellip;]<\/p>\n","protected":false},"author":3,"featured_media":0,"comment_status":"closed","ping_status":"closed","sticky":false,"template":"","format":"standard","meta":{"footnotes":""},"categories":[12,40,27],"tags":[],"class_list":["post-3724","post","type-post","status-publish","format-standard","hentry","category-a-f","category-b","category-mobilitaet-verkehr"],"_links":{"self":[{"href":"http:\/\/umweltlexikon.katalyse.de\/index.php?rest_route=\/wp\/v2\/posts\/3724","targetHints":{"allow":["GET"]}}],"collection":[{"href":"http:\/\/umweltlexikon.katalyse.de\/index.php?rest_route=\/wp\/v2\/posts"}],"about":[{"href":"http:\/\/umweltlexikon.katalyse.de\/index.php?rest_route=\/wp\/v2\/types\/post"}],"author":[{"embeddable":true,"href":"http:\/\/umweltlexikon.katalyse.de\/index.php?rest_route=\/wp\/v2\/users\/3"}],"replies":[{"embeddable":true,"href":"http:\/\/umweltlexikon.katalyse.de\/index.php?rest_route=%2Fwp%2Fv2%2Fcomments&post=3724"}],"version-history":[{"count":1,"href":"http:\/\/umweltlexikon.katalyse.de\/index.php?rest_route=\/wp\/v2\/posts\/3724\/revisions"}],"predecessor-version":[{"id":3725,"href":"http:\/\/umweltlexikon.katalyse.de\/index.php?rest_route=\/wp\/v2\/posts\/3724\/revisions\/3725"}],"wp:attachment":[{"href":"http:\/\/umweltlexikon.katalyse.de\/index.php?rest_route=%2Fwp%2Fv2%2Fmedia&parent=3724"}],"wp:term":[{"taxonomy":"category","embeddable":true,"href":"http:\/\/umweltlexikon.katalyse.de\/index.php?rest_route=%2Fwp%2Fv2%2Fcategories&post=3724"},{"taxonomy":"post_tag","embeddable":true,"href":"http:\/\/umweltlexikon.katalyse.de\/index.php?rest_route=%2Fwp%2Fv2%2Ftags&post=3724"}],"curies":[{"name":"wp","href":"https:\/\/api.w.org\/{rel}","templated":true}]}}