{"id":3332,"date":"2015-07-07T12:49:06","date_gmt":"2015-07-07T12:49:06","guid":{"rendered":"http:\/\/umweltlexikon.katalyse.de\/?p=3332"},"modified":"2015-07-07T12:49:06","modified_gmt":"2015-07-07T12:49:06","slug":"luftschall","status":"publish","type":"post","link":"http:\/\/umweltlexikon.katalyse.de\/?p=3332","title":{"rendered":"Luftschall"},"content":{"rendered":"<div id=\"pl-3332\"  class=\"panel-layout\" ><div id=\"pg-3332-0\"  class=\"panel-grid panel-no-style\" ><div id=\"pgc-3332-0-0\"  class=\"panel-grid-cell panel-grid-cell-empty\" ><\/div><div id=\"pgc-3332-0-1\"  class=\"panel-grid-cell\" ><div id=\"panel-3332-0-1-0\" class=\"so-panel widget widget_black-studio-tinymce widget_black_studio_tinymce panel-first-child panel-last-child\" data-index=\"0\" ><div class=\"panel-widget-style panel-widget-style-for-3332-0-1-0\" ><div class=\"textwidget\"><p>Schall, der sich in der Luft ausbreitet. Ausschlie\u00dflich L. innerhalb des H\u00f6rbereichs ist f\u00fcr das menschliche Ohr h\u00f6rbar.<\/p>\n<p>Siehe auch: K\u00f6rperschall, Schalld\u00e4mmung, Schalld\u00e4mpfung, H\u00f6rbereichs<\/p>\n<\/div><\/div><\/div><\/div><\/div><div id=\"pg-3332-1\"  class=\"panel-grid panel-no-style\" ><div id=\"pgc-3332-1-0\"  class=\"panel-grid-cell\" ><div id=\"panel-3332-1-0-0\" class=\"so-panel widget widget_black-studio-tinymce widget_black_studio_tinymce panel-first-child panel-last-child\" data-index=\"1\" ><div class=\"textwidget\"><p style=\"text-align: right;\"><em>Autor: KATALYSE Institut<\/em><\/p>\n<\/div><\/div><\/div><\/div><\/div>","protected":false},"excerpt":{"rendered":"<p>Schall, der sich in der Luft ausbreitet. Ausschlie\u00dflich L. innerhalb des H\u00f6rbereichs ist f\u00fcr das menschliche Ohr h\u00f6rbar.Siehe auch: K\u00f6rperschall, Schalld\u00e4mmung, Schalld\u00e4mpfung, H\u00f6rbereichs Autor: KATALYSE Institut<\/p>\n","protected":false},"author":3,"featured_media":0,"comment_status":"closed","ping_status":"closed","sticky":false,"template":"","format":"standard","meta":{"footnotes":""},"categories":[13,50,26],"tags":[],"class_list":["post-3332","post","type-post","status-publish","format-standard","hentry","category-g-m","category-l","category-luft-klima"],"_links":{"self":[{"href":"http:\/\/umweltlexikon.katalyse.de\/index.php?rest_route=\/wp\/v2\/posts\/3332","targetHints":{"allow":["GET"]}}],"collection":[{"href":"http:\/\/umweltlexikon.katalyse.de\/index.php?rest_route=\/wp\/v2\/posts"}],"about":[{"href":"http:\/\/umweltlexikon.katalyse.de\/index.php?rest_route=\/wp\/v2\/types\/post"}],"author":[{"embeddable":true,"href":"http:\/\/umweltlexikon.katalyse.de\/index.php?rest_route=\/wp\/v2\/users\/3"}],"replies":[{"embeddable":true,"href":"http:\/\/umweltlexikon.katalyse.de\/index.php?rest_route=%2Fwp%2Fv2%2Fcomments&post=3332"}],"version-history":[{"count":1,"href":"http:\/\/umweltlexikon.katalyse.de\/index.php?rest_route=\/wp\/v2\/posts\/3332\/revisions"}],"predecessor-version":[{"id":3333,"href":"http:\/\/umweltlexikon.katalyse.de\/index.php?rest_route=\/wp\/v2\/posts\/3332\/revisions\/3333"}],"wp:attachment":[{"href":"http:\/\/umweltlexikon.katalyse.de\/index.php?rest_route=%2Fwp%2Fv2%2Fmedia&parent=3332"}],"wp:term":[{"taxonomy":"category","embeddable":true,"href":"http:\/\/umweltlexikon.katalyse.de\/index.php?rest_route=%2Fwp%2Fv2%2Fcategories&post=3332"},{"taxonomy":"post_tag","embeddable":true,"href":"http:\/\/umweltlexikon.katalyse.de\/index.php?rest_route=%2Fwp%2Fv2%2Ftags&post=3332"}],"curies":[{"name":"wp","href":"https:\/\/api.w.org\/{rel}","templated":true}]}}