{"id":3147,"date":"2015-07-01T15:15:19","date_gmt":"2015-07-01T15:15:19","guid":{"rendered":"http:\/\/umweltlexikon.katalyse.de\/?p=3147"},"modified":"2015-07-16T14:39:14","modified_gmt":"2015-07-16T14:39:14","slug":"waldsterben","status":"publish","type":"post","link":"http:\/\/umweltlexikon.katalyse.de\/?p=3147","title":{"rendered":"Waldsterben"},"content":{"rendered":"<div id=\"pl-3147\"  class=\"panel-layout\" ><div id=\"pg-3147-0\"  class=\"panel-grid panel-no-style\" ><div id=\"pgc-3147-0-0\"  class=\"panel-grid-cell panel-grid-cell-empty\" ><\/div><div id=\"pgc-3147-0-1\"  class=\"panel-grid-cell\" ><div id=\"panel-3147-0-1-0\" class=\"so-panel widget widget_black-studio-tinymce widget_black_studio_tinymce panel-first-child panel-last-child\" data-index=\"0\" ><div class=\"panel-widget-style panel-widget-style-for-3147-0-1-0\" ><div class=\"textwidget\"><p><b>Immissionsbedingtes Waldsterben tritt seit der Errichtung gr\u00f6\u00dferer Industrien auf. Durch die zunehmende Industrialisierung und den Bau hoher Schornsteine, die die <span id=\"AutoLinkDescriptionBox13\"><\/span>Schadstoffe gro\u00dfr\u00e4umig verteilten, trat das Waldsterben dann seit Beginn der 70er Jahre gro\u00dffl\u00e4chig auf.<\/b><\/p>\n<p>Bis heute sterben die W\u00e4lder in ganz <span id=\"AutoLinkDescriptionBox23\"><\/span>Europa und in Nordamerika. Nachdem das Waldsterben anfangs nur bei Tanne und Fichte registriert wurde, sind in der Zwischen-zeit fast alle anderen Baumarten ebenfalls betroffen, stellenweise ist der Krankheitszustand der Laubb\u00e4ume bedrohlicher als der der Nadelb\u00e4ume (vgl. auch <span id=\"AutoLinkDescriptionBox15\"><\/span>Waldschadenserhebung 2003, Bundesverbraucherministerium Bonn). <br \/>Beim Waldsterben handelt es sich nicht um die Erkrankung einzelner Baumarten, sondern um eine St\u00f6rung der gesamten Beziehung Baum-<span id=\"AutoLinkDescriptionBox6\"><\/span>Boden-<span id=\"AutoLinkDescriptionBox22\"><\/span>Luft, einer Erkrankung des gesamten '\u00d6kosystems. Diese St\u00f6rung bedroht auch zunehmend mehr Tier- und Pflanzenarten in ihrer Existenz. Insofern ist der Begriff Waldsterben treffend und wird aber auch durch den Begriff \u00bbneuartige Waldsch\u00e4den\u00ab ersetzt. <br \/>Eine Schl\u00fcsselrolle im Waldsterben kommt den Luftschadstoffen zu. Neben dem haupts\u00e4chlich aus der <span id=\"AutoLinkDescriptionBox32\"><\/span>Landwirtschaft stammenden <span id=\"AutoLinkDescriptionBox31\"><\/span>Ammoniak und den v.a. durch das Autofahren entstehenden <span id=\"AutoLinkDescriptionBox29\"><\/span>Photooxidantien, wie <span id=\"AutoLinkDescriptionBox33\"><\/span>Ozon (<span id=\"AutoLinkDescriptionBox4\"><\/span>Sommersmog), sind es insbesondere die aus den Autos (<span id=\"AutoLinkDescriptionBox14\"><\/span>Schadstoffe aus <span id=\"AutoLinkDescriptionBox5\"><\/span>Kfz, <span id=\"AutoLinkDescriptionBox17\"><\/span>Lkw-Verkehr), Flugzeugen (<span id=\"AutoLinkDescriptionBox1\"><\/span>Flugverkehr), Heizungs-, <span id=\"AutoLinkDescriptionBox2\"><\/span>Industrie- und Kraftwerksanlagen stammenden <span id=\"AutoLinkDescriptionBox28\"><\/span>Stickoxide und das <span id=\"AutoLinkDescriptionBox24\"><\/span>Schwefeldioxid, die den Wald sch\u00e4digen.<br \/>Folgende Symptome des Waldsterben sind u.a. bekannt: Bei allen Baumarten tritt mit zunehmendem Krankheitszustand eine <span id=\"AutoLinkDescriptionBox8\"><\/span>Verlichtung der Krone auf, d.h., die betroffenen B\u00e4ume verlieren mehr und mehr Bl\u00e4tter bzw. Nadeln, so dass man z.B. selbst im Sommer leicht durch das Bl\u00e4tterdach einer Buche hindurchsehen und an vielen Stellen den Himmel erblicken kann.<br \/>Speziell bei den Nadelb\u00e4umen treten folgende Schadsymptome auf: Das H\u00f6henwachstum stagniert; Harzaustritt an \u00c4sten und St\u00e4mmen im benadelten Kronenbereich; im fortgeschrittenen Stadium nur noch 1-2 Nadeljahrg\u00e4nge an den Zweigen (bei gesunder Fichte 7-10, Tanne 10-12 Nadeljahrg\u00e4nge).<br \/>Fichte: Nadelverlust in Verbindung mit h\u00e4ngenden Zweigen (Lamettasyndrom). Tanne: Absterben der Baumspitze und Bildung von Seitentrieben (Storchennest); Bildung von Waserreisern: b\u00fcschelartig vom Stamm abstehende, sp\u00e4t nachwachsende Zweige. <br \/>Laubb\u00e4ume, insbesondere Buche: gest\u00f6rtes Seiten-wachstum der Triebe f\u00fchrt zu unnat\u00fcrlich langen Trieben (Peitschentrieben); oft nur kleine Bl\u00e4tter; deformierte Bl\u00e4tter infolge von Wachstumsst\u00f6rungen, Bl\u00e4tter fallen noch gr\u00fcn vom Baum. Ferner Mangelsymptome durch gest\u00f6rte N\u00e4hrstoffaufnahme, z.B. Vergilbung der Bl\u00e4tter durch Magnesiummangel, sowie wei\u00dfe Blattflecken durch <span id=\"AutoLinkDescriptionBox34\"><\/span>Ozon-Einwirkung.<\/p>\n<p>Auswirkungen des Waldsterbens: Durch das Waldsterben sind alle Funktionen gef\u00e4hrdet, die ein gesunder Wald im Kreislauf der Natur \u00fcbernehmen kann (<span id=\"AutoLinkDescriptionBox9\"><\/span>Waldfunktionen). Eine der gravierendsten Folgen des Waldsterbens d\u00fcrfte der Verlust des Waldes als Grund-Wasserspeicher (<span id=\"AutoLinkDescriptionBox20\"><\/span>Wasserhaushalt des Waldes, <span id=\"AutoLinkDescriptionBox3\"><\/span>Bodenversauerung, <span id=\"AutoLinkDescriptionBox19\"><\/span>Saurer Regen, Sorptionsverm\u00f6gen) und das Verschwinden der alpinen Schutzw\u00e4lder sein, die eine Besiedlung vieler Alpent\u00e4ler \u00fcberhaupt erst erm\u00f6glichen. Die globalen Auswirkungen des Waldsterbens. auf <span id=\"AutoLinkDescriptionBox26\"><\/span>Klima und <span id=\"AutoLinkDescriptionBox7\"><\/span>Umwelt sind noch nicht ann\u00e4hernd erfasst. Mit Sicherheit wird das Absterben gro\u00dfer Waldteile, sei es durch Brandrodung oder emissionsbedingt, den <span id=\"AutoLinkDescriptionBox36\"><\/span>Treibhauseffekt weiter anheizen, da der in den B\u00e4umen festgelegte <span id=\"AutoLinkDescriptionBox16\"><\/span>Kohlenstoff vorzeitig wieder freigesetzt wird. Ein gesch\u00e4digter Wald bindet zudem weniger <span id=\"AutoLinkDescriptionBox10\"><\/span>Kohlendioxid als ein gesunder.<\/p>\n<p>Gegenma\u00dfnahmen: Nach wie vor muss eine rasche Verminderung aller Luftschadstoffe das vordringliche Ziel sein; v.a. eine Senkung der <span id=\"AutoLinkDescriptionBox25\"><\/span>Schwefeldioxid- und Stickoxidemissionen ist zwingend erforderlich. Dies kann v.a. erreicht werden durch:<\/p>\n<ul>\n<li>Energiesparma\u00dfnahmen,<\/li>\n<li>Verst\u00e4rkte Einf\u00fchrung regenerativer Energiequellen<\/li>\n<li>Nachr\u00fcstung von Kraftwerken mit R\u00fcckhaltesystemen (<span id=\"AutoLinkDescriptionBox12\"><\/span>Rauchgasentschwefelungsanlagen, <span id=\"AutoLinkDescriptionBox11\"><\/span>Rauchgasentstickungsanlagen, Gro\u00dffeue-rungsanlagenverordnung).<\/li>\n<\/ul>\n<p>Von besonderer Bedeutung ist der Verkehrssektor, der im besonderen Ma\u00dfe f\u00fcr die Stickoxidemissionen und die <span id=\"AutoLinkDescriptionBox35\"><\/span>Ozon-Entstehung verantwortlich ist. Sofortma\u00dfnahme sollte eine <span id=\"AutoLinkDescriptionBox37\"><\/span>Geschwindigkeitsbegrenzung auf Autobahnen sein. Mittel- und langfristig ist der <span id=\"AutoLinkDescriptionBox30\"><br \/> <\/span>Auto- und <span id=\"AutoLinkDescriptionBox18\"><\/span>Lkw-Verkehr zugunsten von \u00d6ffentlichem <span id=\"AutoLinkDescriptionBox21\">siehe \u00d6ffentlicher Personennahverkehr.<\/span>Personennahverkehr und <span id=\"AutoLinkDescriptionBox27\"><\/span>Schienenverkehr einzud\u00e4mmen.<br \/>In den gef\u00e4hrdeten Bergwaldregionen ist die Freizeitnutzung einzuschr\u00e4nken. <\/p>\n<\/div><\/div><\/div><\/div><\/div><div id=\"pg-3147-1\"  class=\"panel-grid panel-no-style\" ><div id=\"pgc-3147-1-0\"  class=\"panel-grid-cell\" ><div id=\"panel-3147-1-0-0\" class=\"so-panel widget widget_black-studio-tinymce widget_black_studio_tinymce panel-first-child panel-last-child\" data-index=\"1\" ><div class=\"textwidget\"><p style=\"text-align: right;\"><em>Autor: KATALYSE Institut<\/em><\/p>\n<\/div><\/div><\/div><\/div><\/div>","protected":false},"excerpt":{"rendered":"<p>Immissionsbedingtes Waldsterben tritt seit der Errichtung gr\u00f6\u00dferer Industrien auf. Durch die zunehmende Industrialisierung und den Bau hoher Schornsteine, die die Schadstoffe gro\u00dfr\u00e4umig verteilten, trat das Waldsterben dann seit Beginn der 70er Jahre gro\u00dffl\u00e4chig auf.Bis heute sterben die W\u00e4lder in ganz Europa und in Nordamerika. Nachdem das Waldsterben anfangs nur bei Tanne und Fichte registriert wurde, [&hellip;]<\/p>\n","protected":false},"author":4,"featured_media":0,"comment_status":"closed","ping_status":"closed","sticky":false,"template":"","format":"standard","meta":{"footnotes":""},"categories":[24,28,15,62],"tags":[],"class_list":["post-3147","post","type-post","status-publish","format-standard","hentry","category-landwirtschaft","category-natur-artenschutz","category-t-z","category-w"],"_links":{"self":[{"href":"http:\/\/umweltlexikon.katalyse.de\/index.php?rest_route=\/wp\/v2\/posts\/3147","targetHints":{"allow":["GET"]}}],"collection":[{"href":"http:\/\/umweltlexikon.katalyse.de\/index.php?rest_route=\/wp\/v2\/posts"}],"about":[{"href":"http:\/\/umweltlexikon.katalyse.de\/index.php?rest_route=\/wp\/v2\/types\/post"}],"author":[{"embeddable":true,"href":"http:\/\/umweltlexikon.katalyse.de\/index.php?rest_route=\/wp\/v2\/users\/4"}],"replies":[{"embeddable":true,"href":"http:\/\/umweltlexikon.katalyse.de\/index.php?rest_route=%2Fwp%2Fv2%2Fcomments&post=3147"}],"version-history":[{"count":1,"href":"http:\/\/umweltlexikon.katalyse.de\/index.php?rest_route=\/wp\/v2\/posts\/3147\/revisions"}],"predecessor-version":[{"id":3148,"href":"http:\/\/umweltlexikon.katalyse.de\/index.php?rest_route=\/wp\/v2\/posts\/3147\/revisions\/3148"}],"wp:attachment":[{"href":"http:\/\/umweltlexikon.katalyse.de\/index.php?rest_route=%2Fwp%2Fv2%2Fmedia&parent=3147"}],"wp:term":[{"taxonomy":"category","embeddable":true,"href":"http:\/\/umweltlexikon.katalyse.de\/index.php?rest_route=%2Fwp%2Fv2%2Fcategories&post=3147"},{"taxonomy":"post_tag","embeddable":true,"href":"http:\/\/umweltlexikon.katalyse.de\/index.php?rest_route=%2Fwp%2Fv2%2Ftags&post=3147"}],"curies":[{"name":"wp","href":"https:\/\/api.w.org\/{rel}","templated":true}]}}