{"id":3077,"date":"2015-06-29T09:20:27","date_gmt":"2015-06-29T09:20:27","guid":{"rendered":"http:\/\/umweltlexikon.katalyse.de\/?p=3077"},"modified":"2015-06-29T09:20:27","modified_gmt":"2015-06-29T09:20:27","slug":"ta-laerm","status":"publish","type":"post","link":"http:\/\/umweltlexikon.katalyse.de\/?p=3077","title":{"rendered":"TA-L\u00e4rm"},"content":{"rendered":"<div id=\"pl-3077\"  class=\"panel-layout\" ><div id=\"pg-3077-0\"  class=\"panel-grid panel-no-style\" ><div id=\"pgc-3077-0-0\"  class=\"panel-grid-cell panel-grid-cell-empty\" ><\/div><div id=\"pgc-3077-0-1\"  class=\"panel-grid-cell\" ><div id=\"panel-3077-0-1-0\" class=\"so-panel widget widget_black-studio-tinymce widget_black_studio_tinymce panel-first-child panel-last-child\" data-index=\"0\" ><div class=\"panel-widget-style panel-widget-style-for-3077-0-1-0\" ><div class=\"textwidget\"><p style=\"text-align: justify;\"><b>Die Technische Anteilung zum Schutz gegen L\u00e4rm ist eine <span id=\"AutoLinkDescriptionBox4\"><\/span>Verwaltungsvorschrift nach dem <span id=\"AutoLinkDescriptionBox3\"><\/span>Bundesimmissionsschutzgesetz (BImSchG). <\/b><\/p>\n<p>Sie setzt beh\u00f6rdenverbindliche <span id=\"AutoLinkDescriptionBox2\"><\/span>Immissionsgrenzwerte f\u00fcr das <span id=\"AutoLinkDescriptionBox9\"><\/span>Genehmigungsverfahren von Gewerbe- und Industrieanlagen und zur nachtr\u00e4glichen Anordnung bei bestehenden genehmigungsbed\u00fcrftigen Anlagen nach dem BImSchG fest.<\/p>\n<p style=\"text-align: justify;\">Die H\u00f6he der zul\u00e4ssigen Immissionswerte richtet sich nach der tats\u00e4chlichen baulichen Nutzung bzw. im Falle einer vorhandenen <span id=\"AutoLinkDescriptionBox8\"><\/span>Bauleitplanung nach der geplanten baulichen Nutzung des zu beurteilenden Gebietes im Einwirkungsbereich der Anlage. <\/p>\n<p>Die Neufassung der TA L\u00e4rm als Sechste Allgemeine <span id=\"AutoLinkDescriptionBox5\"><\/span>Verwaltungsvorschrift zu \u00a7 48 BImSchG trat am 1. November 1998 in Kraft. Bisher erfasste die TA L\u00e4rm unmittelbar nur diejenigen Anlagen, die einer Genehmigung nach dem Bundes-Immissionsschutzgesetz (BImSchG) bedurften. <\/p>\n<p>Die neue TA L\u00e4rm gilt auch f\u00fcr nichtgenehmigungsbed\u00fcrftige Anlagen, die bei weitem die meisten Anlagen nach dem BImSchG repr\u00e4sentieren. Allerdings gibt es auch hier Ausnahmen:<\/p>\n<ul style=\"text-align: justify;\">\n<li>Sportanlagen, die der Sportanlagenl\u00e4rmschutzverordnung unterliegen<\/li>\n<li>nicht genehmigungsbed\u00fcrftige Freizeitanlagen sowie Freiluftgastst\u00e4tten <br \/>{* }nicht genehmigungsbed\u00fcrftige landwirtschaftliche Anlagen<\/li>\n<li>Schie\u00dfpl\u00e4tze, auf denen mit Waffen ab Kaliber 20mm geschossen wird<\/li>\n<li>Tagebaue und die zum Betrieb eines Tagebaus erforderlichen Anlagen<\/li>\n<li>Baustellen<\/li>\n<li>Seehafenumschlagsanlagen<\/li>\n<li>Anlagen f\u00fcr soziale Zwecke<\/li>\n<\/ul>\n<p style=\"text-align: justify;\">Die neue TA L\u00e4rm ber\u00fccksichtigt auch die von anderen Anlagen ausgehende <span id=\"AutoLinkDescriptionBox7\"><\/span>Vorbelastung auch betriebs\u00fcbergreifend und vergleicht die in der betroffenen Nachbarschaft entstehende Gesamtbelastung mit den Immissionsrichtwerten. <\/p>\n<p>Die Immissionsrichtwerte wurden gegen\u00fcber der alten Fassung von 1968 zwar nicht ge\u00e4ndert. Daf\u00fcr wurden Ruhezeitenzuschl\u00e4ge eingef\u00fchrt. Der Zuschlag f\u00fcr diese Ruhezeiten betr\u00e4gt 6 dB, aber von diesem Zuschlag kann abgesehen werden, soweit dies wegen der besonderen \u00f6rtlichen Verh\u00e4ltnisse unter Ber\u00fccksichtigung des Schutzes vor sch\u00e4dlichen Umwelteinwirkungen erforderlich ist. <\/p>\n<p>Die Immissionsrichtwerte gelten w\u00e4hrend des Tages f\u00fcr eine Beurteilungszeit von 16 Stunden. Ma\u00dfgebend f\u00fcr die Beurteilung der Nacht ist die volle Stunde mit dem h\u00f6chsten <span id=\"AutoLinkDescriptionBox1\"><\/span>Beurteilungspegel, zu dem die zu beurteilende Anlage relevant beitr\u00e4gt.<br \/>L\u00e4rmgrenz- und \u2013<span id=\"AutoLinkDescriptionBox6\"><\/span>richtwerte.<\/p>\n<\/div><\/div><\/div><\/div><\/div><div id=\"pg-3077-1\"  class=\"panel-grid panel-no-style\" ><div id=\"pgc-3077-1-0\"  class=\"panel-grid-cell\" ><div id=\"panel-3077-1-0-0\" class=\"so-panel widget widget_black-studio-tinymce widget_black_studio_tinymce panel-first-child panel-last-child\" data-index=\"1\" ><div class=\"textwidget\"><p style=\"text-align: right;\"><em>Autor: KATALYSE Institut<\/em><\/p>\n<\/div><\/div><\/div><\/div><\/div>","protected":false},"excerpt":{"rendered":"<p>Die Technische Anteilung zum Schutz gegen L\u00e4rm ist eine Verwaltungsvorschrift nach dem Bundesimmissionsschutzgesetz (BImSchG). Sie setzt beh\u00f6rdenverbindliche Immissionsgrenzwerte f\u00fcr das Genehmigungsverfahren von Gewerbe- und Industrieanlagen und zur nachtr\u00e4glichen Anordnung bei bestehenden genehmigungsbed\u00fcrftigen Anlagen nach dem BImSchG fest.Die H\u00f6he der zul\u00e4ssigen Immissionswerte richtet sich nach der tats\u00e4chlichen baulichen Nutzung bzw. im Falle einer vorhandenen Bauleitplanung nach [&hellip;]<\/p>\n","protected":false},"author":3,"featured_media":0,"comment_status":"closed","ping_status":"closed","sticky":false,"template":"","format":"standard","meta":{"footnotes":""},"categories":[25,59,15],"tags":[],"class_list":["post-3077","post","type-post","status-publish","format-standard","hentry","category-laerm","category-t","category-t-z"],"_links":{"self":[{"href":"http:\/\/umweltlexikon.katalyse.de\/index.php?rest_route=\/wp\/v2\/posts\/3077","targetHints":{"allow":["GET"]}}],"collection":[{"href":"http:\/\/umweltlexikon.katalyse.de\/index.php?rest_route=\/wp\/v2\/posts"}],"about":[{"href":"http:\/\/umweltlexikon.katalyse.de\/index.php?rest_route=\/wp\/v2\/types\/post"}],"author":[{"embeddable":true,"href":"http:\/\/umweltlexikon.katalyse.de\/index.php?rest_route=\/wp\/v2\/users\/3"}],"replies":[{"embeddable":true,"href":"http:\/\/umweltlexikon.katalyse.de\/index.php?rest_route=%2Fwp%2Fv2%2Fcomments&post=3077"}],"version-history":[{"count":1,"href":"http:\/\/umweltlexikon.katalyse.de\/index.php?rest_route=\/wp\/v2\/posts\/3077\/revisions"}],"predecessor-version":[{"id":3078,"href":"http:\/\/umweltlexikon.katalyse.de\/index.php?rest_route=\/wp\/v2\/posts\/3077\/revisions\/3078"}],"wp:attachment":[{"href":"http:\/\/umweltlexikon.katalyse.de\/index.php?rest_route=%2Fwp%2Fv2%2Fmedia&parent=3077"}],"wp:term":[{"taxonomy":"category","embeddable":true,"href":"http:\/\/umweltlexikon.katalyse.de\/index.php?rest_route=%2Fwp%2Fv2%2Fcategories&post=3077"},{"taxonomy":"post_tag","embeddable":true,"href":"http:\/\/umweltlexikon.katalyse.de\/index.php?rest_route=%2Fwp%2Fv2%2Ftags&post=3077"}],"curies":[{"name":"wp","href":"https:\/\/api.w.org\/{rel}","templated":true}]}}