{"id":3036,"date":"2015-06-26T10:12:40","date_gmt":"2015-06-26T10:12:40","guid":{"rendered":"http:\/\/umweltlexikon.katalyse.de\/?p=3036"},"modified":"2015-06-26T10:12:40","modified_gmt":"2015-06-26T10:12:40","slug":"gehoerschutz","status":"publish","type":"post","link":"http:\/\/umweltlexikon.katalyse.de\/?p=3036","title":{"rendered":"Geh\u00f6rschutz"},"content":{"rendered":"<div id=\"pl-3036\"  class=\"panel-layout\" ><div id=\"pg-3036-0\"  class=\"panel-grid panel-no-style\" ><div id=\"pgc-3036-0-0\"  class=\"panel-grid-cell panel-grid-cell-empty\" ><\/div><div id=\"pgc-3036-0-1\"  class=\"panel-grid-cell\" ><div id=\"panel-3036-0-1-0\" class=\"so-panel widget widget_black-studio-tinymce widget_black_studio_tinymce panel-first-child panel-last-child\" data-index=\"0\" ><div class=\"panel-widget-style panel-widget-style-for-3036-0-1-0\" ><div class=\"textwidget\"><p><b>Vorrichtungen zum Schutze des menschlichen Geh\u00f6rs vor einer Sch\u00e4digung infolge von Schalleinwirkungen werden als G. bezeichnet.<\/b> <\/p>\n<p style=\"text-align: justify;\">G. ist ein Mittel der passiven L\u00e4rmbek\u00e4mpfung (<span id=\"AutoLinkDescriptionBox3\"><\/span>Immissionsschutz) und kann sowohl aktiv als auch passiv wirken. Als passiven G. bezeichnet man Watte, G.-St\u00f6psel, G.-Kapseln, G.-Helme und im weiteren Sinne auch Schallschutzanz\u00fcge. Aktiver G. ist der Einsatz von Antil\u00e4rm.<br \/>Mit dem G. l\u00e4\u00dft sich am Trommelfell eine Pegelminderung zwischen 30 und 40 dB erreichen. Die erreichbare Pegelminderung ist i.d.R. bei hohen Frequenzen gr\u00f6\u00dfer als bei niedrigen.<br \/>Gem\u00e4\u00df der Unfall-Verh\u00fctungsvorschrift L\u00e4rm m\u00fcssen bei einem <span id=\"AutoLinkDescriptionBox1\"><\/span>Beurteilungspegelvon 85 dB(A) dem Arbeitnehmer pers\u00f6nliche Schallschutzmittel zur Verf\u00fcgung gestellt werden. Ab einem <span id=\"AutoLinkDescriptionBox2\"><\/span>Beurteilungspegel von 90 dB(A) besteht eine Benutzungspflicht f\u00fcr G. Obwohl das Tragen von G. an l\u00e4rmintensiven Arbeitspl\u00e4tzen (Arbeitsplatzl\u00e4rm) vorgeschrieben ist, wird er h\u00e4ufig von den Betroffenen abgelehnt, da der G. als l\u00e4stig empfunden wird und der Betroffene von der Au\u00dfenwelt isoliert wird. Aus pers\u00f6nlichem Interesse sollte jedoch schon ab einem Pegel von 80 dB(A) G. getragen werden und dies nicht nur am Arbeitsplatz, sondern z.B. auch bei l\u00e4rmintensiven Freizeitbesch\u00e4ftigungen wie Motorsport, Sportschie\u00dfen etc.<\/p>\n<p style=\"text-align: justify;\">Siehe auch: Freizeitl\u00e4rm<\/p>\n<\/div><\/div><\/div><\/div><\/div><div id=\"pg-3036-1\"  class=\"panel-grid panel-no-style\" ><div id=\"pgc-3036-1-0\"  class=\"panel-grid-cell\" ><div id=\"panel-3036-1-0-0\" class=\"so-panel widget widget_black-studio-tinymce widget_black_studio_tinymce panel-first-child panel-last-child\" data-index=\"1\" ><div class=\"textwidget\"><p style=\"text-align: right;\"><em>Autor: KATALYSE Institut<\/em><\/p>\n<\/div><\/div><\/div><\/div><\/div>","protected":false},"excerpt":{"rendered":"<p>Vorrichtungen zum Schutze des menschlichen Geh\u00f6rs vor einer Sch\u00e4digung infolge von Schalleinwirkungen werden als G. bezeichnet. G. ist ein Mittel der passiven L\u00e4rmbek\u00e4mpfung (Immissionsschutz) und kann sowohl aktiv als auch passiv wirken. Als passiven G. bezeichnet man Watte, G.-St\u00f6psel, G.-Kapseln, G.-Helme und im weiteren Sinne auch Schallschutzanz\u00fcge. Aktiver G. ist der Einsatz von Antil\u00e4rm.Mit dem [&hellip;]<\/p>\n","protected":false},"author":3,"featured_media":0,"comment_status":"closed","ping_status":"closed","sticky":false,"template":"","format":"standard","meta":{"footnotes":""},"categories":[45,13,25],"tags":[],"class_list":["post-3036","post","type-post","status-publish","format-standard","hentry","category-g","category-g-m","category-laerm"],"_links":{"self":[{"href":"http:\/\/umweltlexikon.katalyse.de\/index.php?rest_route=\/wp\/v2\/posts\/3036","targetHints":{"allow":["GET"]}}],"collection":[{"href":"http:\/\/umweltlexikon.katalyse.de\/index.php?rest_route=\/wp\/v2\/posts"}],"about":[{"href":"http:\/\/umweltlexikon.katalyse.de\/index.php?rest_route=\/wp\/v2\/types\/post"}],"author":[{"embeddable":true,"href":"http:\/\/umweltlexikon.katalyse.de\/index.php?rest_route=\/wp\/v2\/users\/3"}],"replies":[{"embeddable":true,"href":"http:\/\/umweltlexikon.katalyse.de\/index.php?rest_route=%2Fwp%2Fv2%2Fcomments&post=3036"}],"version-history":[{"count":1,"href":"http:\/\/umweltlexikon.katalyse.de\/index.php?rest_route=\/wp\/v2\/posts\/3036\/revisions"}],"predecessor-version":[{"id":3037,"href":"http:\/\/umweltlexikon.katalyse.de\/index.php?rest_route=\/wp\/v2\/posts\/3036\/revisions\/3037"}],"wp:attachment":[{"href":"http:\/\/umweltlexikon.katalyse.de\/index.php?rest_route=%2Fwp%2Fv2%2Fmedia&parent=3036"}],"wp:term":[{"taxonomy":"category","embeddable":true,"href":"http:\/\/umweltlexikon.katalyse.de\/index.php?rest_route=%2Fwp%2Fv2%2Fcategories&post=3036"},{"taxonomy":"post_tag","embeddable":true,"href":"http:\/\/umweltlexikon.katalyse.de\/index.php?rest_route=%2Fwp%2Fv2%2Ftags&post=3036"}],"curies":[{"name":"wp","href":"https:\/\/api.w.org\/{rel}","templated":true}]}}