{"id":3032,"date":"2015-06-26T10:10:03","date_gmt":"2015-06-26T10:10:03","guid":{"rendered":"http:\/\/umweltlexikon.katalyse.de\/?p=3032"},"modified":"2015-06-26T10:10:03","modified_gmt":"2015-06-26T10:10:03","slug":"freizeitlaerm","status":"publish","type":"post","link":"http:\/\/umweltlexikon.katalyse.de\/?p=3032","title":{"rendered":"Freizeitl\u00e4rm"},"content":{"rendered":"<div id=\"pl-3032\"  class=\"panel-layout\" ><div id=\"pg-3032-0\"  class=\"panel-grid panel-no-style\" ><div id=\"pgc-3032-0-0\"  class=\"panel-grid-cell panel-grid-cell-empty\" ><\/div><div id=\"pgc-3032-0-1\"  class=\"panel-grid-cell\" ><div id=\"panel-3032-0-1-0\" class=\"so-panel widget widget_black-studio-tinymce widget_black_studio_tinymce panel-first-child panel-last-child\" data-index=\"0\" ><div class=\"panel-widget-style panel-widget-style-for-3032-0-1-0\" ><div class=\"textwidget\"><p><b>Aufgrund der st\u00e4ndigen Verk\u00fcrzung der Arbeitszeit in den vergangenen Jahrzehnten hat die Freizeitgestaltung einen immer gr\u00f6\u00dferen Stellenwert bekommen.<\/b> <\/p>\n<p style=\"text-align: justify;\">Au\u00dferdem sind gleichzeitig die verf\u00fcgbaren Einkommen gestiegen, so da\u00df es einen Trend zu immer aufwendigeren Freizeitaktivit\u00e4ten gibt. Dies hat zu einer erheblichen weiteren L\u00e4rmbelastung gef\u00fchrt. F. ist v.a. deshalb problematisch, weil er in den eigentlichen Ruhezeiten, und damit in den f\u00fcr die Erholung des Innenohrs wichtigen Zeiten, auftritt.<br \/>Insb. der Betrieb von Motoren, z.B. bei Sportflugzeugen, Motorbooten, Motorr\u00e4dern, Modellmotorfliegern etc. bringt manchen um seine Erholung. Schie\u00dfpl\u00e4tze geh\u00f6ren zu den Anlagen mit dem l\u00e4stigsten L\u00e4rm. Auch Dressur- und Sportpl\u00e4tze k\u00f6nnen Anwohner um ihre Ruhe bringen. Von F. sind neben den Anwohnern von Sport- und Freizeitst\u00e4tten auch die Nutzer solcher Einrichtungen belastet. Hierbei ist weniger die L\u00e4stigkeit (Aufgrund der Einstellung zur Schallquelle wird die L\u00e4rmbelastung vom L\u00e4rmverursacher i.d.R. nicht als l\u00e4stig empfunden) als die H\u00f6he der L\u00e4rmbelastung, die in vielen F\u00e4llen bis an die <span id=\"AutoLinkDescriptionBox3\"><\/span>Schmerzgrenze geht, das eigentliche Problem. Motorsport, Heimwerkeraktivit\u00e4ten, Diskotheken, Rockkonzerte, Kopfh\u00f6rer (Walkman) sind nur einige Stichworte, die das Problem verdeutlichen sollen.<\/p>\n<\/div><\/div><\/div><\/div><\/div><div id=\"pg-3032-1\"  class=\"panel-grid panel-no-style\" ><div id=\"pgc-3032-1-0\"  class=\"panel-grid-cell\" ><div id=\"panel-3032-1-0-0\" class=\"so-panel widget widget_black-studio-tinymce widget_black_studio_tinymce panel-first-child panel-last-child\" data-index=\"1\" ><div class=\"textwidget\"><p style=\"text-align: right;\"><em>Autor: KATALYSE Institut<\/em><\/p>\n<\/div><\/div><\/div><\/div><\/div>","protected":false},"excerpt":{"rendered":"<p>Aufgrund der st\u00e4ndigen Verk\u00fcrzung der Arbeitszeit in den vergangenen Jahrzehnten hat die Freizeitgestaltung einen immer gr\u00f6\u00dferen Stellenwert bekommen. Au\u00dferdem sind gleichzeitig die verf\u00fcgbaren Einkommen gestiegen, so da\u00df es einen Trend zu immer aufwendigeren Freizeitaktivit\u00e4ten gibt. Dies hat zu einer erheblichen weiteren L\u00e4rmbelastung gef\u00fchrt. F. ist v.a. deshalb problematisch, weil er in den eigentlichen Ruhezeiten, und [&hellip;]<\/p>\n","protected":false},"author":3,"featured_media":0,"comment_status":"closed","ping_status":"closed","sticky":false,"template":"","format":"standard","meta":{"footnotes":""},"categories":[12,44,25],"tags":[],"class_list":["post-3032","post","type-post","status-publish","format-standard","hentry","category-a-f","category-f","category-laerm"],"_links":{"self":[{"href":"http:\/\/umweltlexikon.katalyse.de\/index.php?rest_route=\/wp\/v2\/posts\/3032","targetHints":{"allow":["GET"]}}],"collection":[{"href":"http:\/\/umweltlexikon.katalyse.de\/index.php?rest_route=\/wp\/v2\/posts"}],"about":[{"href":"http:\/\/umweltlexikon.katalyse.de\/index.php?rest_route=\/wp\/v2\/types\/post"}],"author":[{"embeddable":true,"href":"http:\/\/umweltlexikon.katalyse.de\/index.php?rest_route=\/wp\/v2\/users\/3"}],"replies":[{"embeddable":true,"href":"http:\/\/umweltlexikon.katalyse.de\/index.php?rest_route=%2Fwp%2Fv2%2Fcomments&post=3032"}],"version-history":[{"count":1,"href":"http:\/\/umweltlexikon.katalyse.de\/index.php?rest_route=\/wp\/v2\/posts\/3032\/revisions"}],"predecessor-version":[{"id":3033,"href":"http:\/\/umweltlexikon.katalyse.de\/index.php?rest_route=\/wp\/v2\/posts\/3032\/revisions\/3033"}],"wp:attachment":[{"href":"http:\/\/umweltlexikon.katalyse.de\/index.php?rest_route=%2Fwp%2Fv2%2Fmedia&parent=3032"}],"wp:term":[{"taxonomy":"category","embeddable":true,"href":"http:\/\/umweltlexikon.katalyse.de\/index.php?rest_route=%2Fwp%2Fv2%2Fcategories&post=3032"},{"taxonomy":"post_tag","embeddable":true,"href":"http:\/\/umweltlexikon.katalyse.de\/index.php?rest_route=%2Fwp%2Fv2%2Ftags&post=3032"}],"curies":[{"name":"wp","href":"https:\/\/api.w.org\/{rel}","templated":true}]}}