{"id":2966,"date":"2015-06-25T13:02:14","date_gmt":"2015-06-25T13:02:14","guid":{"rendered":"http:\/\/umweltlexikon.katalyse.de\/?p=2966"},"modified":"2015-06-25T13:02:14","modified_gmt":"2015-06-25T13:02:14","slug":"umweltambulanzen","status":"publish","type":"post","link":"http:\/\/umweltlexikon.katalyse.de\/?p=2966","title":{"rendered":"Umweltambulanzen"},"content":{"rendered":"<div id=\"pl-2966\"  class=\"panel-layout\" ><div id=\"pg-2966-0\"  class=\"panel-grid panel-no-style\" ><div id=\"pgc-2966-0-0\"  class=\"panel-grid-cell panel-grid-cell-empty\" ><\/div><div id=\"pgc-2966-0-1\"  class=\"panel-grid-cell\" ><div id=\"panel-2966-0-1-0\" class=\"so-panel widget widget_black-studio-tinymce widget_black_studio_tinymce panel-first-child panel-last-child\" data-index=\"0\" ><div class=\"panel-widget-style panel-widget-style-for-2966-0-1-0\" ><div class=\"textwidget\"><p><b>U. gibt es in Deutschland seit einigen Jahren. In U. werden Sprechstunden f\u00fcr Patienten angeboten, bei denen die behandelnden \u00c4rzte eine Schadstoffbelastung als Ursache von Gesundheitsst\u00f6rungen vermuten.<\/b> <\/p>\n<p>Die Konzeption der U. beinhaltet Aspekte der Vorsorge im Rahmen der medizinischen Umwelthygiene und das individuelle Patientenproblem im Sinne der klinischen Medizin. <\/p>\n<p>In U. werden Informationen fach\u00fcbergreifend aufgearbeitet, die f\u00fcr die medizinische Beratung Relevanz haben, d.h., es wird versucht, zwischen Schadstoffen und Erkrankungen einen kausalen Zusammenhang herzustellen. Im Einzelfall erfolgen notwendige Spezialuntersuchungen.<\/p>\n<p>Siehe auch:\u00a0Schadstoffbelastung, \u00d6kotoxikologie<\/p>\n<\/div><\/div><\/div><\/div><\/div><div id=\"pg-2966-1\"  class=\"panel-grid panel-no-style\" ><div id=\"pgc-2966-1-0\"  class=\"panel-grid-cell\" ><div id=\"panel-2966-1-0-0\" class=\"so-panel widget widget_black-studio-tinymce widget_black_studio_tinymce panel-first-child panel-last-child\" data-index=\"1\" ><div class=\"textwidget\"><p style=\"text-align: right;\"><em>Autor: KATALYSE Institut<\/em><\/p>\n<\/div><\/div><\/div><\/div><\/div>","protected":false},"excerpt":{"rendered":"<p>U. gibt es in Deutschland seit einigen Jahren. In U. werden Sprechstunden f\u00fcr Patienten angeboten, bei denen die behandelnden \u00c4rzte eine Schadstoffbelastung als Ursache von Gesundheitsst\u00f6rungen vermuten. Die Konzeption der U. beinhaltet Aspekte der Vorsorge im Rahmen der medizinischen Umwelthygiene und das individuelle Patientenproblem im Sinne der klinischen Medizin. In U. werden Informationen fach\u00fcbergreifend aufgearbeitet, [&hellip;]<\/p>\n","protected":false},"author":3,"featured_media":0,"comment_status":"closed","ping_status":"closed","sticky":false,"template":"","format":"standard","meta":{"footnotes":""},"categories":[23,15,60],"tags":[],"class_list":["post-2966","post","type-post","status-publish","format-standard","hentry","category-gesundheit","category-t-z","category-u"],"_links":{"self":[{"href":"http:\/\/umweltlexikon.katalyse.de\/index.php?rest_route=\/wp\/v2\/posts\/2966","targetHints":{"allow":["GET"]}}],"collection":[{"href":"http:\/\/umweltlexikon.katalyse.de\/index.php?rest_route=\/wp\/v2\/posts"}],"about":[{"href":"http:\/\/umweltlexikon.katalyse.de\/index.php?rest_route=\/wp\/v2\/types\/post"}],"author":[{"embeddable":true,"href":"http:\/\/umweltlexikon.katalyse.de\/index.php?rest_route=\/wp\/v2\/users\/3"}],"replies":[{"embeddable":true,"href":"http:\/\/umweltlexikon.katalyse.de\/index.php?rest_route=%2Fwp%2Fv2%2Fcomments&post=2966"}],"version-history":[{"count":1,"href":"http:\/\/umweltlexikon.katalyse.de\/index.php?rest_route=\/wp\/v2\/posts\/2966\/revisions"}],"predecessor-version":[{"id":2967,"href":"http:\/\/umweltlexikon.katalyse.de\/index.php?rest_route=\/wp\/v2\/posts\/2966\/revisions\/2967"}],"wp:attachment":[{"href":"http:\/\/umweltlexikon.katalyse.de\/index.php?rest_route=%2Fwp%2Fv2%2Fmedia&parent=2966"}],"wp:term":[{"taxonomy":"category","embeddable":true,"href":"http:\/\/umweltlexikon.katalyse.de\/index.php?rest_route=%2Fwp%2Fv2%2Fcategories&post=2966"},{"taxonomy":"post_tag","embeddable":true,"href":"http:\/\/umweltlexikon.katalyse.de\/index.php?rest_route=%2Fwp%2Fv2%2Ftags&post=2966"}],"curies":[{"name":"wp","href":"https:\/\/api.w.org\/{rel}","templated":true}]}}