{"id":2842,"date":"2015-06-23T13:26:51","date_gmt":"2015-06-23T13:26:51","guid":{"rendered":"http:\/\/umweltlexikon.katalyse.de\/?p=2842"},"modified":"2015-06-23T13:26:51","modified_gmt":"2015-06-23T13:26:51","slug":"salbei","status":"publish","type":"post","link":"http:\/\/umweltlexikon.katalyse.de\/?p=2842","title":{"rendered":"Salbei"},"content":{"rendered":"<div id=\"pl-2842\"  class=\"panel-layout\" ><div id=\"pg-2842-0\"  class=\"panel-grid panel-no-style\" ><div id=\"pgc-2842-0-0\"  class=\"panel-grid-cell panel-grid-cell-empty\" ><\/div><div id=\"pgc-2842-0-1\"  class=\"panel-grid-cell\" ><div id=\"panel-2842-0-1-0\" class=\"so-panel widget widget_black-studio-tinymce widget_black_studio_tinymce panel-first-child panel-last-child\" data-index=\"0\" ><div class=\"panel-widget-style panel-widget-style-for-2842-0-1-0\" ><div class=\"textwidget\"><p><b>Echter Salbei geh\u00f6rt zur Gruppe der Lippenbl\u00fctler (Lamiaceae) und ist ein ausdauernder, bis 60 cm hoher, unten verholzender und immergr\u00fcner Halbstrauch. Salbei ist ein Strauch des Mittelmeergebietes und heute in klimatisch g\u00fcnstigen Gegenden S\u00fcd- und Mitteleuropas verwildert.<\/b><\/p>\n<p style=\"text-align: justify;\"><b>Botanik<\/b><br \/>Echter Salbei (Salvia officinalis) - der Gattungsname kommt vom lateinischen salvere: retten oder heilen, und bezieht sich auf den Glauben an die Heilkr\u00e4fte der Pflanze. Bei uns wird Salvia officinalis als Heil- und K\u00fcchenpflanze im Kr\u00e4utergarten oder Topf gezogen.<\/p>\n<p>Charakteristika sind:<\/p>\n<ul style=\"text-align: justify;\">\n<li>vierkantige, filzig behaarte St\u00e4ngel, die einem b\u00fcschelf\u00f6rmigen, tiefreichenden Wurzelstock entspringen,<\/li>\n<li>gestielte, gegenst\u00e4ndige, l\u00e4nglich-elliptische Bl\u00e4tter,<\/li>\n<li>feinnetzige Blattstruktur, fein behaart, von graugr\u00fcner Farbe,<\/li>\n<li>blauviolette, manchmal auch wei\u00dfe Bl\u00fcten, die quirlig in einem \u00e4hrenartigen Bl\u00fctenstand stehen,<\/li>\n<li>Bl\u00fctezeit von Juni bis August.<\/li>\n<\/ul>\n<p style=\"text-align: justify;\"><b>Standort<\/b><br \/>Der Standort sollte sonnig sein und einen trockenen, durchl\u00e4ssigen, leicht kalkigen <span id=\"AutoLinkDescriptionBox1\"><\/span>Boden haben. Echter Salbei vertr\u00e4gt sich im Mischkulturgarten gut mit Wermut, Kohl und Brennnessel; ung\u00fcnstig sind dagegen Kombinationen mit Muskatellersalbei, Salat und Standorte unter Obstb\u00e4umen. Salbei wehrt durch seinen herben Duft vor allem Kohlwei\u00dflinge (verst\u00e4rkte Wirkung mit Thymian) und Schnecken ab.<\/p>\n<p><b>Verwendung<\/b><br \/>Salbei ist in vielen L\u00e4ndern ein beliebtes Gew\u00fcrz zu Gefl\u00fcgel, Fleisch, Fisch, K\u00e4se, Suppen und als Zusatz in Gew\u00fcrzmischungen. Er schmeckt w\u00fcrzig bitter, leicht brennend und erinnert an <span id=\"AutoLinkDescriptionBox2\"><\/span>Campher. Da Salbei sein Aroma schnell verliert sollte die Aufbewahrung beispielsweise in dunklen, gut verschlossenen Gl\u00e4sern oder Dosen erfolgen.<br \/>Salbei wird in der Medizin als Tee, Extrakt, Tinktur oder \u00e4therisches \u00d6l eingesetzt. \u00c4u\u00dferlich angewendet hat Salvia officinalis eine desinfizierende, entz\u00fcndungshemmende und adstringierende Wirkung; innerlich eine speichel- und schwei\u00dfhemmende Wirkung. Da Thujon, ein Bestandteil des \u00e4therischen \u00d6ls, auch toxische Eigenschaften aufweist, d\u00fcrfen Salbeipr\u00e4parate und Salbeitees nicht \u00fcber einen l\u00e4ngeren Zeitraum angewendet werden. Schwangere sollten besser auf die innere Anwendung mit Salbei verzichten. <\/p>\n<p><b>Quellen:<\/b><br \/>ALLGEIER, K.: Die besseren Pillen. M\u00fcnchen 2004.<br \/>BOKSCH, M.: Das praktische Buch der Heilpflanzen. M\u00fcnchen 1996.<br \/>DACHER, M.; PELZMANN, H.: Arznei- und Gew\u00fcrzpflanzen. Wien 1999.<br \/>PHILLIPS, R.; FOY, N.: Kr\u00e4uter. M\u00fcnchen 1991.<br \/>RAUSCH, A.; LOTZ, B.: Kr\u00e4uterlexikon. Egolsheim k.A.<br \/>WEINRICH, C.: Mischkultur im Hobbygarten. Stuttgart 2003.<\/p>\n<\/div><\/div><\/div><\/div><\/div><div id=\"pg-2842-1\"  class=\"panel-grid panel-no-style\" ><div id=\"pgc-2842-1-0\"  class=\"panel-grid-cell\" ><div id=\"panel-2842-1-0-0\" class=\"so-panel widget widget_black-studio-tinymce widget_black_studio_tinymce panel-first-child panel-last-child\" data-index=\"1\" ><div class=\"textwidget\"><p style=\"text-align: right;\"><em>Autor: KATALYSE Institut<\/em><\/p>\n<\/div><\/div><\/div><\/div><\/div>","protected":false},"excerpt":{"rendered":"<p>Echter Salbei geh\u00f6rt zur Gruppe der Lippenbl\u00fctler (Lamiaceae) und ist ein ausdauernder, bis 60 cm hoher, unten verholzender und immergr\u00fcner Halbstrauch. Salbei ist ein Strauch des Mittelmeergebietes und heute in klimatisch g\u00fcnstigen Gegenden S\u00fcd- und Mitteleuropas verwildert.BotanikEchter Salbei (Salvia officinalis) &#8211; der Gattungsname kommt vom lateinischen salvere: retten oder heilen, und bezieht sich auf den [&hellip;]<\/p>\n","protected":false},"author":3,"featured_media":0,"comment_status":"closed","ping_status":"closed","sticky":false,"template":"","format":"standard","meta":{"footnotes":""},"categories":[23,24,14,57],"tags":[],"class_list":["post-2842","post","type-post","status-publish","format-standard","hentry","category-gesundheit","category-landwirtschaft","category-n-s","category-s"],"_links":{"self":[{"href":"http:\/\/umweltlexikon.katalyse.de\/index.php?rest_route=\/wp\/v2\/posts\/2842","targetHints":{"allow":["GET"]}}],"collection":[{"href":"http:\/\/umweltlexikon.katalyse.de\/index.php?rest_route=\/wp\/v2\/posts"}],"about":[{"href":"http:\/\/umweltlexikon.katalyse.de\/index.php?rest_route=\/wp\/v2\/types\/post"}],"author":[{"embeddable":true,"href":"http:\/\/umweltlexikon.katalyse.de\/index.php?rest_route=\/wp\/v2\/users\/3"}],"replies":[{"embeddable":true,"href":"http:\/\/umweltlexikon.katalyse.de\/index.php?rest_route=%2Fwp%2Fv2%2Fcomments&post=2842"}],"version-history":[{"count":1,"href":"http:\/\/umweltlexikon.katalyse.de\/index.php?rest_route=\/wp\/v2\/posts\/2842\/revisions"}],"predecessor-version":[{"id":2843,"href":"http:\/\/umweltlexikon.katalyse.de\/index.php?rest_route=\/wp\/v2\/posts\/2842\/revisions\/2843"}],"wp:attachment":[{"href":"http:\/\/umweltlexikon.katalyse.de\/index.php?rest_route=%2Fwp%2Fv2%2Fmedia&parent=2842"}],"wp:term":[{"taxonomy":"category","embeddable":true,"href":"http:\/\/umweltlexikon.katalyse.de\/index.php?rest_route=%2Fwp%2Fv2%2Fcategories&post=2842"},{"taxonomy":"post_tag","embeddable":true,"href":"http:\/\/umweltlexikon.katalyse.de\/index.php?rest_route=%2Fwp%2Fv2%2Ftags&post=2842"}],"curies":[{"name":"wp","href":"https:\/\/api.w.org\/{rel}","templated":true}]}}