{"id":2743,"date":"2015-06-23T10:04:55","date_gmt":"2015-06-23T10:04:55","guid":{"rendered":"http:\/\/umweltlexikon.katalyse.de\/?p=2743"},"modified":"2015-06-23T10:04:55","modified_gmt":"2015-06-23T10:04:55","slug":"pest","status":"publish","type":"post","link":"http:\/\/umweltlexikon.katalyse.de\/?p=2743","title":{"rendered":"Pest"},"content":{"rendered":"<div id=\"pl-2743\"  class=\"panel-layout\" ><div id=\"pg-2743-0\"  class=\"panel-grid panel-no-style\" ><div id=\"pgc-2743-0-0\"  class=\"panel-grid-cell panel-grid-cell-empty\" ><\/div><div id=\"pgc-2743-0-1\"  class=\"panel-grid-cell\" ><div id=\"panel-2743-0-1-0\" class=\"so-panel widget widget_black-studio-tinymce widget_black_studio_tinymce panel-first-child panel-last-child\" data-index=\"0\" ><div class=\"panel-widget-style panel-widget-style-for-2743-0-1-0\" ><div class=\"textwidget\"><p><b>Erreger der P. ist Yersinia pestis.<\/b><\/p>\n<p>Symptome: Bei der Beulenpest sind die Lymphknoten vergr\u00f6\u00dfert und k\u00f6nnen eitern. Lungenpest beginnt mit hohem Fieber, Kopfschmerzen, Myalgie. Innerhalb eines Tages folgt Husten mit zunehmend blutigem Sputum, dann Dyspnoe, Schock und Atemstillstand. Die Inkubationszeit liegt bei ein bis sieben Tagen.<\/p>\n<p>Therapie: Sp\u00e4testens einen Tag nach Symptom-Beginn mu\u00df die Behandlung erfolgen, etwa mit t\u00e4glich intramuskul\u00e4r 30 mg Streptomycin pro kg K\u00f6rpergewicht \u00fcber 10 Tage, oder mit initial 200 mg, dann 100 mg Doxycyclin zweimal t\u00e4glich intraven\u00f6s \u00fcber 10 bis 14 Tage.<\/p>\n<p>Prophylaxe: Zweimal t\u00e4glich 500 mg Tetrazyclin oder 100 mg Doxycyclin \u00fcber sieben Tage.<\/p>\n<p>Impfung: Impfstoffe wurden entwickelt, sind aber nicht verf\u00fcgbar.<\/p>\n<\/div><\/div><\/div><\/div><\/div><div id=\"pg-2743-1\"  class=\"panel-grid panel-no-style\" ><div id=\"pgc-2743-1-0\"  class=\"panel-grid-cell\" ><div id=\"panel-2743-1-0-0\" class=\"so-panel widget widget_black-studio-tinymce widget_black_studio_tinymce panel-first-child panel-last-child\" data-index=\"1\" ><div class=\"textwidget\"><p style=\"text-align: right;\"><em>Autor: KATALYSE Institut<\/em><\/p>\n<\/div><\/div><\/div><\/div><\/div>","protected":false},"excerpt":{"rendered":"<p>Erreger der P. ist Yersinia pestis.Symptome: Bei der Beulenpest sind die Lymphknoten vergr\u00f6\u00dfert und k\u00f6nnen eitern. Lungenpest beginnt mit hohem Fieber, Kopfschmerzen, Myalgie. Innerhalb eines Tages folgt Husten mit zunehmend blutigem Sputum, dann Dyspnoe, Schock und Atemstillstand. Die Inkubationszeit liegt bei ein bis sieben Tagen.Therapie: Sp\u00e4testens einen Tag nach Symptom-Beginn mu\u00df die Behandlung erfolgen, etwa [&hellip;]<\/p>\n","protected":false},"author":3,"featured_media":0,"comment_status":"closed","ping_status":"closed","sticky":false,"template":"","format":"standard","meta":{"footnotes":""},"categories":[23,14,54],"tags":[],"class_list":["post-2743","post","type-post","status-publish","format-standard","hentry","category-gesundheit","category-n-s","category-p"],"_links":{"self":[{"href":"http:\/\/umweltlexikon.katalyse.de\/index.php?rest_route=\/wp\/v2\/posts\/2743","targetHints":{"allow":["GET"]}}],"collection":[{"href":"http:\/\/umweltlexikon.katalyse.de\/index.php?rest_route=\/wp\/v2\/posts"}],"about":[{"href":"http:\/\/umweltlexikon.katalyse.de\/index.php?rest_route=\/wp\/v2\/types\/post"}],"author":[{"embeddable":true,"href":"http:\/\/umweltlexikon.katalyse.de\/index.php?rest_route=\/wp\/v2\/users\/3"}],"replies":[{"embeddable":true,"href":"http:\/\/umweltlexikon.katalyse.de\/index.php?rest_route=%2Fwp%2Fv2%2Fcomments&post=2743"}],"version-history":[{"count":1,"href":"http:\/\/umweltlexikon.katalyse.de\/index.php?rest_route=\/wp\/v2\/posts\/2743\/revisions"}],"predecessor-version":[{"id":2744,"href":"http:\/\/umweltlexikon.katalyse.de\/index.php?rest_route=\/wp\/v2\/posts\/2743\/revisions\/2744"}],"wp:attachment":[{"href":"http:\/\/umweltlexikon.katalyse.de\/index.php?rest_route=%2Fwp%2Fv2%2Fmedia&parent=2743"}],"wp:term":[{"taxonomy":"category","embeddable":true,"href":"http:\/\/umweltlexikon.katalyse.de\/index.php?rest_route=%2Fwp%2Fv2%2Fcategories&post=2743"},{"taxonomy":"post_tag","embeddable":true,"href":"http:\/\/umweltlexikon.katalyse.de\/index.php?rest_route=%2Fwp%2Fv2%2Ftags&post=2743"}],"curies":[{"name":"wp","href":"https:\/\/api.w.org\/{rel}","templated":true}]}}