{"id":2328,"date":"2015-05-21T09:58:58","date_gmt":"2015-05-21T09:58:58","guid":{"rendered":"http:\/\/umweltlexikon.katalyse.de\/?p=2328"},"modified":"2015-05-21T09:58:58","modified_gmt":"2015-05-21T09:58:58","slug":"grauer-star","status":"publish","type":"post","link":"http:\/\/umweltlexikon.katalyse.de\/?p=2328","title":{"rendered":"Grauer Star"},"content":{"rendered":"<div id=\"pl-2328\"  class=\"panel-layout\" ><div id=\"pg-2328-0\"  class=\"panel-grid panel-no-style\" ><div id=\"pgc-2328-0-0\"  class=\"panel-grid-cell panel-grid-cell-empty\" ><\/div><div id=\"pgc-2328-0-1\"  class=\"panel-grid-cell\" ><div id=\"panel-2328-0-1-0\" class=\"so-panel widget widget_black-studio-tinymce widget_black_studio_tinymce panel-first-child panel-last-child\" data-index=\"0\" ><div class=\"panel-widget-style panel-widget-style-for-2328-0-1-0\" ><div class=\"textwidget\"><p><strong>Auch Katarakt. Tr\u00fcbung der normalerweise vollkommen klaren Linse des Auges. Das sonst schwarze Pupillengebiet erscheint grauwei\u00df und tr\u00fcbe.<\/strong> <\/p>\n<p style=\"text-align: justify;\">Man unterscheidet zwischen dem angeborenen Star und dem im Laufe des Lebens erworbenen Star, der insb. auf Strahlensch\u00e4den zur\u00fcckzuf\u00fchren ist (akute Strahlensch\u00e4den, UV-Strahlung, Mikrowelle, Mobiltelefon).<br \/>Die Erkrankungsrate einer Population an G. h\u00e4ngt v.a. von der akkumulierten Lebenszeitdosis an UV-Strahlung ab.<\/p>\n<p style=\"text-align: justify;\">Infolge der zunehmenden UV-Strahlung, bedingt durch die Zerst\u00f6rung der stratosph\u00e4rischen Ozonschicht (Ozonabbau), werden weltweit j\u00e4hrlich mindestens 400.000 zus\u00e4tzliche F\u00e4lle von G. erwartet, insb. in der Dritten Welt. Hier wird auch eine hohe Erblindungsrate bef\u00fcrchtet, da Behandlungsm\u00f6glichkeiten fehlen.<\/p>\n<\/div><\/div><\/div><\/div><\/div><div id=\"pg-2328-1\"  class=\"panel-grid panel-no-style\" ><div id=\"pgc-2328-1-0\"  class=\"panel-grid-cell\" ><div id=\"panel-2328-1-0-0\" class=\"so-panel widget widget_black-studio-tinymce widget_black_studio_tinymce panel-first-child panel-last-child\" data-index=\"1\" ><div class=\"textwidget\"><p style=\"text-align: right;\"><em>Autor: KATALYSE Institut<\/em><\/p>\n<\/div><\/div><\/div><\/div><\/div>","protected":false},"excerpt":{"rendered":"<p>Auch Katarakt. Tr\u00fcbung der normalerweise vollkommen klaren Linse des Auges. Das sonst schwarze Pupillengebiet erscheint grauwei\u00df und tr\u00fcbe. Man unterscheidet zwischen dem angeborenen Star und dem im Laufe des Lebens erworbenen Star, der insb. auf Strahlensch\u00e4den zur\u00fcckzuf\u00fchren ist (akute Strahlensch\u00e4den, UV-Strahlung, Mikrowelle, Mobiltelefon).Die Erkrankungsrate einer Population an G. h\u00e4ngt v.a. von der akkumulierten Lebenszeitdosis an [&hellip;]<\/p>\n","protected":false},"author":3,"featured_media":0,"comment_status":"closed","ping_status":"closed","sticky":false,"template":"","format":"standard","meta":{"footnotes":""},"categories":[45,13,23],"tags":[],"class_list":["post-2328","post","type-post","status-publish","format-standard","hentry","category-g","category-g-m","category-gesundheit"],"_links":{"self":[{"href":"http:\/\/umweltlexikon.katalyse.de\/index.php?rest_route=\/wp\/v2\/posts\/2328","targetHints":{"allow":["GET"]}}],"collection":[{"href":"http:\/\/umweltlexikon.katalyse.de\/index.php?rest_route=\/wp\/v2\/posts"}],"about":[{"href":"http:\/\/umweltlexikon.katalyse.de\/index.php?rest_route=\/wp\/v2\/types\/post"}],"author":[{"embeddable":true,"href":"http:\/\/umweltlexikon.katalyse.de\/index.php?rest_route=\/wp\/v2\/users\/3"}],"replies":[{"embeddable":true,"href":"http:\/\/umweltlexikon.katalyse.de\/index.php?rest_route=%2Fwp%2Fv2%2Fcomments&post=2328"}],"version-history":[{"count":1,"href":"http:\/\/umweltlexikon.katalyse.de\/index.php?rest_route=\/wp\/v2\/posts\/2328\/revisions"}],"predecessor-version":[{"id":2329,"href":"http:\/\/umweltlexikon.katalyse.de\/index.php?rest_route=\/wp\/v2\/posts\/2328\/revisions\/2329"}],"wp:attachment":[{"href":"http:\/\/umweltlexikon.katalyse.de\/index.php?rest_route=%2Fwp%2Fv2%2Fmedia&parent=2328"}],"wp:term":[{"taxonomy":"category","embeddable":true,"href":"http:\/\/umweltlexikon.katalyse.de\/index.php?rest_route=%2Fwp%2Fv2%2Fcategories&post=2328"},{"taxonomy":"post_tag","embeddable":true,"href":"http:\/\/umweltlexikon.katalyse.de\/index.php?rest_route=%2Fwp%2Fv2%2Ftags&post=2328"}],"curies":[{"name":"wp","href":"https:\/\/api.w.org\/{rel}","templated":true}]}}