{"id":2302,"date":"2015-05-19T09:21:53","date_gmt":"2015-05-19T09:21:53","guid":{"rendered":"http:\/\/umweltlexikon.katalyse.de\/?p=2302"},"modified":"2015-05-19T09:21:53","modified_gmt":"2015-05-19T09:21:53","slug":"fitness","status":"publish","type":"post","link":"http:\/\/umweltlexikon.katalyse.de\/?p=2302","title":{"rendered":"Fitness"},"content":{"rendered":"<div id=\"pl-2302\"  class=\"panel-layout\" ><div id=\"pg-2302-0\"  class=\"panel-grid panel-no-style\" ><div id=\"pgc-2302-0-0\"  class=\"panel-grid-cell panel-grid-cell-empty\" ><\/div><div id=\"pgc-2302-0-1\"  class=\"panel-grid-cell\" ><div id=\"panel-2302-0-1-0\" class=\"so-panel widget widget_black-studio-tinymce widget_black_studio_tinymce panel-first-child panel-last-child\" data-index=\"0\" ><div class=\"panel-widget-style panel-widget-style-for-2302-0-1-0\" ><div class=\"textwidget\"><p><b>Unter Fitness wird in der Medizin der k\u00f6rperliche, geistige und emotionale Zustand eines Menschen im Verh\u00e4ltnis zu seinen Leistungen verstanden. <\/b><\/p>\n<p>Im engeren Sinn steht Fitness f\u00fcr die durch Training erworbene, k\u00f6rperliche Leistungsf\u00e4higkeit. Die Fitness h\u00e4ngt unter anderem vom k\u00f6rperlichen Leistungspotenzial, der Intelligenz, der emotionalen Stabilit\u00e4t und dem Zustand des Immunsystems ab.<\/p>\n<\/div><\/div><\/div><\/div><\/div><div id=\"pg-2302-1\"  class=\"panel-grid panel-no-style\" ><div id=\"pgc-2302-1-0\"  class=\"panel-grid-cell\" ><div id=\"panel-2302-1-0-0\" class=\"so-panel widget widget_black-studio-tinymce widget_black_studio_tinymce panel-first-child panel-last-child\" data-index=\"1\" ><div class=\"textwidget\"><p style=\"text-align: right;\"><em>Autor: KATALYSE Institut<\/em><\/p>\n<\/div><\/div><\/div><\/div><\/div>","protected":false},"excerpt":{"rendered":"<p>Unter Fitness wird in der Medizin der k\u00f6rperliche, geistige und emotionale Zustand eines Menschen im Verh\u00e4ltnis zu seinen Leistungen verstanden. Im engeren Sinn steht Fitness f\u00fcr die durch Training erworbene, k\u00f6rperliche Leistungsf\u00e4higkeit. Die Fitness h\u00e4ngt unter anderem vom k\u00f6rperlichen Leistungspotenzial, der Intelligenz, der emotionalen Stabilit\u00e4t und dem Zustand des Immunsystems ab. Autor: KATALYSE Institut<\/p>\n","protected":false},"author":3,"featured_media":0,"comment_status":"closed","ping_status":"closed","sticky":false,"template":"","format":"standard","meta":{"footnotes":""},"categories":[12,44,23],"tags":[],"class_list":["post-2302","post","type-post","status-publish","format-standard","hentry","category-a-f","category-f","category-gesundheit"],"_links":{"self":[{"href":"http:\/\/umweltlexikon.katalyse.de\/index.php?rest_route=\/wp\/v2\/posts\/2302","targetHints":{"allow":["GET"]}}],"collection":[{"href":"http:\/\/umweltlexikon.katalyse.de\/index.php?rest_route=\/wp\/v2\/posts"}],"about":[{"href":"http:\/\/umweltlexikon.katalyse.de\/index.php?rest_route=\/wp\/v2\/types\/post"}],"author":[{"embeddable":true,"href":"http:\/\/umweltlexikon.katalyse.de\/index.php?rest_route=\/wp\/v2\/users\/3"}],"replies":[{"embeddable":true,"href":"http:\/\/umweltlexikon.katalyse.de\/index.php?rest_route=%2Fwp%2Fv2%2Fcomments&post=2302"}],"version-history":[{"count":1,"href":"http:\/\/umweltlexikon.katalyse.de\/index.php?rest_route=\/wp\/v2\/posts\/2302\/revisions"}],"predecessor-version":[{"id":2303,"href":"http:\/\/umweltlexikon.katalyse.de\/index.php?rest_route=\/wp\/v2\/posts\/2302\/revisions\/2303"}],"wp:attachment":[{"href":"http:\/\/umweltlexikon.katalyse.de\/index.php?rest_route=%2Fwp%2Fv2%2Fmedia&parent=2302"}],"wp:term":[{"taxonomy":"category","embeddable":true,"href":"http:\/\/umweltlexikon.katalyse.de\/index.php?rest_route=%2Fwp%2Fv2%2Fcategories&post=2302"},{"taxonomy":"post_tag","embeddable":true,"href":"http:\/\/umweltlexikon.katalyse.de\/index.php?rest_route=%2Fwp%2Fv2%2Ftags&post=2302"}],"curies":[{"name":"wp","href":"https:\/\/api.w.org\/{rel}","templated":true}]}}