{"id":218,"date":"2015-03-06T11:28:49","date_gmt":"2015-03-06T11:28:49","guid":{"rendered":"http:\/\/umweltlexikon.katalyse.de\/?p=218"},"modified":"2015-03-06T11:29:28","modified_gmt":"2015-03-06T11:29:28","slug":"duales-system","status":"publish","type":"post","link":"http:\/\/umweltlexikon.katalyse.de\/?p=218","title":{"rendered":"Duales System"},"content":{"rendered":"<div id=\"pl-218\"  class=\"panel-layout\" ><div id=\"pg-218-0\"  class=\"panel-grid panel-no-style\" ><div id=\"pgc-218-0-0\"  class=\"panel-grid-cell panel-grid-cell-empty\" ><\/div><div id=\"pgc-218-0-1\"  class=\"panel-grid-cell\" ><div id=\"panel-218-0-1-0\" class=\"so-panel widget widget_black-studio-tinymce widget_black_studio_tinymce panel-first-child panel-last-child\" data-index=\"0\" ><div class=\"panel-widget-style panel-widget-style-for-218-0-1-0\" ><div class=\"textwidget\"><p style=\"text-align: justify;\"><b>Die Duale System Deutschland Gesellschaft f\u00fcr Abfallvermeidung und Sekund\u00e4rrohstoff, Bonn (DSD) wurde von Unternehmen des Handels, Verpackungsher-stellern und deren Materiallieferanten gegr\u00fcndet, um der Forderung der Verpackungsverordnung nach einer eigenst\u00e4ndiger Sammlung und Verwertung von Sekund\u00e4rrohstoffen zu gen\u00fcgen.<\/b><\/p>\n<p style=\"text-align: justify;\">Die DSD \u00fcberpr\u00fcft die Vergabe des Gr\u00fcnen Punktes. F\u00fcr die in das System einbezogenen <span id=\"AutoLinkDescriptionBox5\"><\/span>Verpackungen mu\u00df sichergestellt sein, da\u00df alle <span id=\"AutoLinkDescriptionBox6\"><\/span>Verpackungen, die den \"Gr\u00fcnen Punkt\" tragen, \u00fcber das D. fl\u00e4chendeckend au\u00dferhalb der kommunalen Abfallbeseitigung erfa\u00dft und verwertet werden (<span id=\"AutoLinkDescriptionBox3\"><\/span>Recycling).<br \/>Bis Ende 1994 sollen alle Bundesb\u00fcrger an das D. angeschlossen sein. Die Finanzierung der Gesellschaft wird durch die Beitr\u00e4ge der Zeichennutzer sichergestellt und damit dem Nutzer \u00fcbertragen (Gr\u00fcner Punkt).<\/p>\n<p>Die durch das D. entsorgten Abf\u00e4lle unterliegen nicht dem <span id=\"AutoLinkDescriptionBox4\"><\/span>Abfallgesetz, sondern gelten als Wirtschaftsgut. Dies hat zur Folge, da\u00df der M\u00fcll ohne gro\u00dfe Formalit\u00e4ten und Vorschriften ins Ausland exportiert werden kann (<span id=\"AutoLinkDescriptionBox2\"><\/span>Abfalltourismus), wo keinerlei Kontrolle \u00fcber die Art der <span id=\"AutoLinkDescriptionBox1\"><\/span>Entsorgung mehr m\u00f6glich ist. Zudem kann das \"Wirtschaftsgut Verpackung\" in Industrieanlagen mit unzureichenden Filtereinrichtungen (M\u00fcllverbrennung) verbrannt werden, wobei auch hierbei nur geringe \u00dcberwachungsm\u00f6glichkeiten bestehen.<\/p>\n<\/div><\/div><\/div><\/div><\/div><div id=\"pg-218-1\"  class=\"panel-grid panel-no-style\" ><div id=\"pgc-218-1-0\"  class=\"panel-grid-cell\" ><div id=\"panel-218-1-0-0\" class=\"so-panel widget widget_black-studio-tinymce widget_black_studio_tinymce panel-first-child panel-last-child\" data-index=\"1\" ><div class=\"textwidget\"><p style=\"text-align: right;\"><em>Autor: KATALYSE Institut<\/em><\/p>\n<\/div><\/div><\/div><\/div><\/div>","protected":false},"excerpt":{"rendered":"<p>Die Duale System Deutschland Gesellschaft f\u00fcr Abfallvermeidung und Sekund\u00e4rrohstoff, Bonn (DSD) wurde von Unternehmen des Handels, Verpackungsher-stellern und deren Materiallieferanten gegr\u00fcndet, um der Forderung der Verpackungsverordnung nach einer eigenst\u00e4ndiger Sammlung und Verwertung von Sekund\u00e4rrohstoffen zu gen\u00fcgen.Die DSD \u00fcberpr\u00fcft die Vergabe des Gr\u00fcnen Punktes. F\u00fcr die in das System einbezogenen Verpackungen mu\u00df sichergestellt sein, da\u00df alle [&hellip;]<\/p>\n","protected":false},"author":2,"featured_media":0,"comment_status":"closed","ping_status":"closed","sticky":false,"template":"","format":"standard","meta":{"footnotes":""},"categories":[12,17,42],"tags":[],"class_list":["post-218","post","type-post","status-publish","format-standard","hentry","category-a-f","category-abfall","category-d"],"_links":{"self":[{"href":"http:\/\/umweltlexikon.katalyse.de\/index.php?rest_route=\/wp\/v2\/posts\/218","targetHints":{"allow":["GET"]}}],"collection":[{"href":"http:\/\/umweltlexikon.katalyse.de\/index.php?rest_route=\/wp\/v2\/posts"}],"about":[{"href":"http:\/\/umweltlexikon.katalyse.de\/index.php?rest_route=\/wp\/v2\/types\/post"}],"author":[{"embeddable":true,"href":"http:\/\/umweltlexikon.katalyse.de\/index.php?rest_route=\/wp\/v2\/users\/2"}],"replies":[{"embeddable":true,"href":"http:\/\/umweltlexikon.katalyse.de\/index.php?rest_route=%2Fwp%2Fv2%2Fcomments&post=218"}],"version-history":[{"count":2,"href":"http:\/\/umweltlexikon.katalyse.de\/index.php?rest_route=\/wp\/v2\/posts\/218\/revisions"}],"predecessor-version":[{"id":222,"href":"http:\/\/umweltlexikon.katalyse.de\/index.php?rest_route=\/wp\/v2\/posts\/218\/revisions\/222"}],"wp:attachment":[{"href":"http:\/\/umweltlexikon.katalyse.de\/index.php?rest_route=%2Fwp%2Fv2%2Fmedia&parent=218"}],"wp:term":[{"taxonomy":"category","embeddable":true,"href":"http:\/\/umweltlexikon.katalyse.de\/index.php?rest_route=%2Fwp%2Fv2%2Fcategories&post=218"},{"taxonomy":"post_tag","embeddable":true,"href":"http:\/\/umweltlexikon.katalyse.de\/index.php?rest_route=%2Fwp%2Fv2%2Ftags&post=218"}],"curies":[{"name":"wp","href":"https:\/\/api.w.org\/{rel}","templated":true}]}}