{"id":1942,"date":"2015-05-04T09:33:27","date_gmt":"2015-05-04T09:33:27","guid":{"rendered":"http:\/\/umweltlexikon.katalyse.de\/?p=1942"},"modified":"2015-05-04T09:33:27","modified_gmt":"2015-05-04T09:33:27","slug":"wintergarten","status":"publish","type":"post","link":"http:\/\/umweltlexikon.katalyse.de\/?p=1942","title":{"rendered":"Wintergarten"},"content":{"rendered":"<div id=\"pl-1942\"  class=\"panel-layout\" ><div id=\"pg-1942-0\"  class=\"panel-grid panel-no-style\" ><div id=\"pgc-1942-0-0\"  class=\"panel-grid-cell panel-grid-cell-empty\" ><\/div><div id=\"pgc-1942-0-1\"  class=\"panel-grid-cell\" ><div id=\"panel-1942-0-1-0\" class=\"so-panel widget widget_black-studio-tinymce widget_black_studio_tinymce panel-first-child panel-last-child\" data-index=\"0\" ><div class=\"panel-widget-style panel-widget-style-for-1942-0-1-0\" ><div class=\"textwidget\"><p><b>W. sind verglaste Bauk\u00f6rper, die vor der normalen Fassade eines Geb\u00e4udes angeordnet sind.<\/b><\/p>\n<p style=\"text-align: justify;\">W. erweitern den Wohnbereich und sind ein Element architektonischer Gestaltungsm\u00f6glichkeit. Durch Einfangen von zus\u00e4tzlicher <span id=\"AutoLinkDescriptionBox3\"><\/span>Sonnenenergie im Fr\u00fchjahr und im Herbst kann die Heizperiode des Geb\u00e4udes verk\u00fcrzt werden. Die Energieeinsparung durch einen W. wird allerdings oft \u00fcbersch\u00e4tzt. Sie betr\u00e4gt z.B. bei einem Einfamilienhaus mit Satteldach und s\u00fcdlich \u00fcber die ganze Breite vorgelagertem Wintergarten nur 10-12%. <br \/>Dem stehen Kosten f\u00fcr den W. von ca. 40.000 DM gegen\u00fcber. Wird der W. wie ein normaler Wohnraum genutzt bzw. durch eine <span id=\"AutoLinkDescriptionBox2\"><\/span>Heizung frostfrei gehalten (z.B. um tropische Pflanzen aufstellen zu k\u00f6nnen), so ergibt sich sogar ein erheblicher Mehrverbrauch an <span id=\"AutoLinkDescriptionBox1\"><\/span>Energie. Dies liegt daran, da\u00df selbst hochwertige W\u00e4rmeschutzverglasung (<span id=\"AutoLinkDescriptionBox4\"><\/span>Fenster) erheblich mehr W\u00e4rme durchl\u00e4\u00dft als eine normale Steinau\u00dfenwand (<span id=\"AutoLinkDescriptionBox5\"><\/span>k-Wert). V\u00f6llig unverst\u00e4ndlich ist daher, da\u00df das Bundesfinanzministerium W. f\u00f6rdert, sofern diese auch im Winter zum dauernden Aufenthalt geeignet sind. Ein im Winter bewohnter W. verschlingt pro Jahr 10.000-20.000 kWh Heizenergie zus\u00e4tzlich!<\/p>\n<p><i>Lit.: R.Hemmers: Informationspaket Solararchitektur und energiebewu\u00dftes Bauen, K\u00f6ln 1987<\/i><\/p>\n<\/div><\/div><\/div><\/div><\/div><div id=\"pg-1942-1\"  class=\"panel-grid panel-no-style\" ><div id=\"pgc-1942-1-0\"  class=\"panel-grid-cell\" ><div id=\"panel-1942-1-0-0\" class=\"so-panel widget widget_black-studio-tinymce widget_black_studio_tinymce panel-first-child panel-last-child\" data-index=\"1\" ><div class=\"textwidget\"><p style=\"text-align: right;\"><em>Autor: KATALYSE Institut<\/em><\/p>\n<\/div><\/div><\/div><\/div><\/div>","protected":false},"excerpt":{"rendered":"<p>W. sind verglaste Bauk\u00f6rper, die vor der normalen Fassade eines Geb\u00e4udes angeordnet sind.W. erweitern den Wohnbereich und sind ein Element architektonischer Gestaltungsm\u00f6glichkeit. Durch Einfangen von zus\u00e4tzlicher Sonnenenergie im Fr\u00fchjahr und im Herbst kann die Heizperiode des Geb\u00e4udes verk\u00fcrzt werden. Die Energieeinsparung durch einen W. wird allerdings oft \u00fcbersch\u00e4tzt. Sie betr\u00e4gt z.B. bei einem Einfamilienhaus mit [&hellip;]<\/p>\n","protected":false},"author":4,"featured_media":0,"comment_status":"closed","ping_status":"closed","sticky":false,"template":"","format":"standard","meta":{"footnotes":""},"categories":[18,15,62],"tags":[],"class_list":["post-1942","post","type-post","status-publish","format-standard","hentry","category-bauen-wohnen","category-t-z","category-w"],"_links":{"self":[{"href":"http:\/\/umweltlexikon.katalyse.de\/index.php?rest_route=\/wp\/v2\/posts\/1942","targetHints":{"allow":["GET"]}}],"collection":[{"href":"http:\/\/umweltlexikon.katalyse.de\/index.php?rest_route=\/wp\/v2\/posts"}],"about":[{"href":"http:\/\/umweltlexikon.katalyse.de\/index.php?rest_route=\/wp\/v2\/types\/post"}],"author":[{"embeddable":true,"href":"http:\/\/umweltlexikon.katalyse.de\/index.php?rest_route=\/wp\/v2\/users\/4"}],"replies":[{"embeddable":true,"href":"http:\/\/umweltlexikon.katalyse.de\/index.php?rest_route=%2Fwp%2Fv2%2Fcomments&post=1942"}],"version-history":[{"count":1,"href":"http:\/\/umweltlexikon.katalyse.de\/index.php?rest_route=\/wp\/v2\/posts\/1942\/revisions"}],"predecessor-version":[{"id":1946,"href":"http:\/\/umweltlexikon.katalyse.de\/index.php?rest_route=\/wp\/v2\/posts\/1942\/revisions\/1946"}],"wp:attachment":[{"href":"http:\/\/umweltlexikon.katalyse.de\/index.php?rest_route=%2Fwp%2Fv2%2Fmedia&parent=1942"}],"wp:term":[{"taxonomy":"category","embeddable":true,"href":"http:\/\/umweltlexikon.katalyse.de\/index.php?rest_route=%2Fwp%2Fv2%2Fcategories&post=1942"},{"taxonomy":"post_tag","embeddable":true,"href":"http:\/\/umweltlexikon.katalyse.de\/index.php?rest_route=%2Fwp%2Fv2%2Ftags&post=1942"}],"curies":[{"name":"wp","href":"https:\/\/api.w.org\/{rel}","templated":true}]}}