{"id":1503,"date":"2015-04-09T14:03:11","date_gmt":"2015-04-09T14:03:11","guid":{"rendered":"http:\/\/umweltlexikon.katalyse.de\/?p=1503"},"modified":"2015-04-09T14:03:11","modified_gmt":"2015-04-09T14:03:11","slug":"tausend-daecher-programm","status":"publish","type":"post","link":"http:\/\/umweltlexikon.katalyse.de\/?p=1503","title":{"rendered":"Tausend-D\u00e4cher-Programm"},"content":{"rendered":"<div id=\"pl-1503\"  class=\"panel-layout\" ><div id=\"pg-1503-0\"  class=\"panel-grid panel-no-style\" ><div id=\"pgc-1503-0-0\"  class=\"panel-grid-cell panel-grid-cell-empty\" ><\/div><div id=\"pgc-1503-0-1\"  class=\"panel-grid-cell\" ><div id=\"panel-1503-0-1-0\" class=\"so-panel widget widget_black-studio-tinymce widget_black_studio_tinymce panel-first-child panel-last-child\" data-index=\"0\" ><div class=\"panel-widget-style panel-widget-style-for-1503-0-1-0\" ><div class=\"textwidget\"><p><b>Programm des Bundesforschungsministeriums (BMFT) zur F\u00f6rderung von Photovoltaik-Anlagen (Solarzellen).<\/b><\/p>\n<p style=\"text-align: justify;\">Das T. startete am 22.9.90 und soll Ende 1992 auslaufen.<br \/>Gef\u00f6rdert werden Photovoltaikanlagen von 1 bis maximal 5 kW Spitzenleistung, die im Netzverbund (Solarzelle) betrieben werden. Das BMFT zahlt einen Zuschu\u00df in H\u00f6he von 50%, die Bundesl\u00e4nder i.d.R. weitere 20%. Die Zusch\u00fcsse beziehen sich auf tats\u00e4chliche Kosten bis zu einer maximal f\u00f6rderf\u00e4higen Summe von 27.000 DM. Insgesamt sollen 2.250 Anlagen gef\u00f6rdert werden. Anfang 1992 lagen 30.000 Anfragen und 2.000 formelle Antr\u00e4ge vor.<br \/>Kritisiert wurden am T.: Die F\u00f6rdermittel h\u00e4tten erheblich effektiver f\u00fcr solare Warmwasserversorgung (Sonnenkollektoren) eingesetzt werden k\u00f6nnen, die in Deutschland die mit Abstand sinnvollste Nutzung der <span id=\"AutoLinkDescriptionBox1\"><\/span>Solarenergie darstellt.<br \/>Ein weiterer Kritikpunkt war, dass ausschlie\u00dflich <span id=\"AutoLinkDescriptionBox2\"><\/span>Solarzellen aus deutscher Produktion f\u00f6rderungsf\u00e4hig waren, wodurch sich das T. als Subventionsprogramm f\u00fcr AEG, Nukem und Siemens entpuppte. Diese Firmen hatten vor Inkrafttreten des T. ihre Preise deutlich angehoben. Seit 1992 gilt das T. auch f\u00fcr Hersteller aus anderen EG-L\u00e4ndern.<\/p>\n<\/div><\/div><\/div><\/div><\/div><div id=\"pg-1503-1\"  class=\"panel-grid panel-no-style\" ><div id=\"pgc-1503-1-0\"  class=\"panel-grid-cell\" ><div id=\"panel-1503-1-0-0\" class=\"so-panel widget widget_black-studio-tinymce widget_black_studio_tinymce panel-first-child panel-last-child\" data-index=\"1\" ><div class=\"textwidget\"><p style=\"text-align: right;\"><em>Autor: KATALYSE Institut<\/em><\/p>\n<\/div><\/div><\/div><\/div><\/div>","protected":false},"excerpt":{"rendered":"<p>Programm des Bundesforschungsministeriums (BMFT) zur F\u00f6rderung von Photovoltaik-Anlagen (Solarzellen).Das T. startete am 22.9.90 und soll Ende 1992 auslaufen.Gef\u00f6rdert werden Photovoltaikanlagen von 1 bis maximal 5 kW Spitzenleistung, die im Netzverbund (Solarzelle) betrieben werden. Das BMFT zahlt einen Zuschu\u00df in H\u00f6he von 50%, die Bundesl\u00e4nder i.d.R. weitere 20%. Die Zusch\u00fcsse beziehen sich auf tats\u00e4chliche Kosten bis [&hellip;]<\/p>\n","protected":false},"author":4,"featured_media":0,"comment_status":"closed","ping_status":"closed","sticky":false,"template":"","format":"standard","meta":{"footnotes":""},"categories":[18,21,28,59,15],"tags":[],"class_list":["post-1503","post","type-post","status-publish","format-standard","hentry","category-bauen-wohnen","category-energie","category-natur-artenschutz","category-t","category-t-z"],"_links":{"self":[{"href":"http:\/\/umweltlexikon.katalyse.de\/index.php?rest_route=\/wp\/v2\/posts\/1503","targetHints":{"allow":["GET"]}}],"collection":[{"href":"http:\/\/umweltlexikon.katalyse.de\/index.php?rest_route=\/wp\/v2\/posts"}],"about":[{"href":"http:\/\/umweltlexikon.katalyse.de\/index.php?rest_route=\/wp\/v2\/types\/post"}],"author":[{"embeddable":true,"href":"http:\/\/umweltlexikon.katalyse.de\/index.php?rest_route=\/wp\/v2\/users\/4"}],"replies":[{"embeddable":true,"href":"http:\/\/umweltlexikon.katalyse.de\/index.php?rest_route=%2Fwp%2Fv2%2Fcomments&post=1503"}],"version-history":[{"count":1,"href":"http:\/\/umweltlexikon.katalyse.de\/index.php?rest_route=\/wp\/v2\/posts\/1503\/revisions"}],"predecessor-version":[{"id":1504,"href":"http:\/\/umweltlexikon.katalyse.de\/index.php?rest_route=\/wp\/v2\/posts\/1503\/revisions\/1504"}],"wp:attachment":[{"href":"http:\/\/umweltlexikon.katalyse.de\/index.php?rest_route=%2Fwp%2Fv2%2Fmedia&parent=1503"}],"wp:term":[{"taxonomy":"category","embeddable":true,"href":"http:\/\/umweltlexikon.katalyse.de\/index.php?rest_route=%2Fwp%2Fv2%2Fcategories&post=1503"},{"taxonomy":"post_tag","embeddable":true,"href":"http:\/\/umweltlexikon.katalyse.de\/index.php?rest_route=%2Fwp%2Fv2%2Ftags&post=1503"}],"curies":[{"name":"wp","href":"https:\/\/api.w.org\/{rel}","templated":true}]}}