{"id":1380,"date":"2015-04-07T09:03:51","date_gmt":"2015-04-07T09:03:51","guid":{"rendered":"http:\/\/umweltlexikon.katalyse.de\/?p=1380"},"modified":"2015-04-07T09:03:51","modified_gmt":"2015-04-07T09:03:51","slug":"sick-building-syndrom","status":"publish","type":"post","link":"http:\/\/umweltlexikon.katalyse.de\/?p=1380","title":{"rendered":"Sick Building Syndrom"},"content":{"rendered":"<div id=\"pl-1380\"  class=\"panel-layout\" ><div id=\"pg-1380-0\"  class=\"panel-grid panel-no-style\" ><div id=\"pgc-1380-0-0\"  class=\"panel-grid-cell panel-grid-cell-empty\" ><\/div><div id=\"pgc-1380-0-1\"  class=\"panel-grid-cell\" ><div id=\"panel-1380-0-1-0\" class=\"so-panel widget widget_black-studio-tinymce widget_black_studio_tinymce panel-first-child panel-last-child\" data-index=\"0\" ><div class=\"panel-widget-style panel-widget-style-for-1380-0-1-0\" ><div class=\"textwidget\"><p><b>Aus Kostengr\u00fcnden und Gr\u00fcnden der Energieeinsparung werden die Au\u00dfenluftraten in Klima- und L\u00fcftungsanlagen m\u00f6glichst gering gehalten.<\/b><\/p>\n<p style=\"text-align: justify;\">Dies hat zusammen mit zunehmender <span id=\"AutoLinkDescriptionBox2\"><\/span>Innenraumluftbelastung zum sog. S. (Geb\u00e4udekrankheit) gef\u00fchrt. Hierunter werden Erscheinungen wie Hals-\/Nasenkrankheiten, trockene Lippen, Augen-Irritationen, M\u00fcdigkeit etc. verstanden, die, wie mittlerweile vermutet wird, auf eine Vielzahl von Ger\u00fcchen und Luftverunreinigungen zur\u00fcckzuf\u00fchren sind. <br \/>Quellen dieser Luftverunreinigungen sind <span id=\"AutoLinkDescriptionBox5\"><\/span>Baustoffe, M\u00f6bel, technische Ger\u00e4te wie Kopierer, <span id=\"AutoLinkDescriptionBox6\"><\/span>Laserdrucker etc. Dies hat zu einer Neubewertung der Ma\u00dfst\u00e4be f\u00fcr die <span id=\"AutoLinkDescriptionBox7\"><\/span>Behaglichkeit und zur Einf\u00fchrung der Einheiten <span id=\"AutoLinkDescriptionBox1\"><\/span>Olf und <span id=\"AutoLinkDescriptionBox4\"><\/span>Dezipol, als Ma\u00df der Luftqualit\u00e4t, gef\u00fchrt.<\/p>\n<p><span id=\"AutoLinkDescriptionBox3\">siehe auch: <\/span>Innenraumluftbelastung, Klima<\/p>\n<\/div><\/div><\/div><\/div><\/div><div id=\"pg-1380-1\"  class=\"panel-grid panel-no-style\" ><div id=\"pgc-1380-1-0\"  class=\"panel-grid-cell\" ><div id=\"panel-1380-1-0-0\" class=\"so-panel widget widget_black-studio-tinymce widget_black_studio_tinymce panel-first-child panel-last-child\" data-index=\"1\" ><div class=\"textwidget\"><p style=\"text-align: right;\"><em>Autor: KATALYSE Institut<\/em><\/p>\n<\/div><\/div><\/div><\/div><\/div>","protected":false},"excerpt":{"rendered":"<p>Aus Kostengr\u00fcnden und Gr\u00fcnden der Energieeinsparung werden die Au\u00dfenluftraten in Klima- und L\u00fcftungsanlagen m\u00f6glichst gering gehalten.Dies hat zusammen mit zunehmender Innenraumluftbelastung zum sog. S. (Geb\u00e4udekrankheit) gef\u00fchrt. Hierunter werden Erscheinungen wie Hals-\/Nasenkrankheiten, trockene Lippen, Augen-Irritationen, M\u00fcdigkeit etc. verstanden, die, wie mittlerweile vermutet wird, auf eine Vielzahl von Ger\u00fcchen und Luftverunreinigungen zur\u00fcckzuf\u00fchren sind. Quellen dieser Luftverunreinigungen sind [&hellip;]<\/p>\n","protected":false},"author":4,"featured_media":0,"comment_status":"closed","ping_status":"closed","sticky":false,"template":"","format":"standard","meta":{"footnotes":""},"categories":[18,23,14,57],"tags":[],"class_list":["post-1380","post","type-post","status-publish","format-standard","hentry","category-bauen-wohnen","category-gesundheit","category-n-s","category-s"],"_links":{"self":[{"href":"http:\/\/umweltlexikon.katalyse.de\/index.php?rest_route=\/wp\/v2\/posts\/1380","targetHints":{"allow":["GET"]}}],"collection":[{"href":"http:\/\/umweltlexikon.katalyse.de\/index.php?rest_route=\/wp\/v2\/posts"}],"about":[{"href":"http:\/\/umweltlexikon.katalyse.de\/index.php?rest_route=\/wp\/v2\/types\/post"}],"author":[{"embeddable":true,"href":"http:\/\/umweltlexikon.katalyse.de\/index.php?rest_route=\/wp\/v2\/users\/4"}],"replies":[{"embeddable":true,"href":"http:\/\/umweltlexikon.katalyse.de\/index.php?rest_route=%2Fwp%2Fv2%2Fcomments&post=1380"}],"version-history":[{"count":1,"href":"http:\/\/umweltlexikon.katalyse.de\/index.php?rest_route=\/wp\/v2\/posts\/1380\/revisions"}],"predecessor-version":[{"id":1381,"href":"http:\/\/umweltlexikon.katalyse.de\/index.php?rest_route=\/wp\/v2\/posts\/1380\/revisions\/1381"}],"wp:attachment":[{"href":"http:\/\/umweltlexikon.katalyse.de\/index.php?rest_route=%2Fwp%2Fv2%2Fmedia&parent=1380"}],"wp:term":[{"taxonomy":"category","embeddable":true,"href":"http:\/\/umweltlexikon.katalyse.de\/index.php?rest_route=%2Fwp%2Fv2%2Fcategories&post=1380"},{"taxonomy":"post_tag","embeddable":true,"href":"http:\/\/umweltlexikon.katalyse.de\/index.php?rest_route=%2Fwp%2Fv2%2Ftags&post=1380"}],"curies":[{"name":"wp","href":"https:\/\/api.w.org\/{rel}","templated":true}]}}