{"id":1333,"date":"2015-04-02T13:29:33","date_gmt":"2015-04-02T13:29:33","guid":{"rendered":"http:\/\/umweltlexikon.katalyse.de\/?p=1333"},"modified":"2015-04-02T13:29:33","modified_gmt":"2015-04-02T13:29:33","slug":"energiekonzept","status":"publish","type":"post","link":"http:\/\/umweltlexikon.katalyse.de\/?p=1333","title":{"rendered":"Energiekonzept"},"content":{"rendered":"<div id=\"pl-1333\"  class=\"panel-layout\" ><div id=\"pg-1333-0\"  class=\"panel-grid panel-no-style\" ><div id=\"pgc-1333-0-0\"  class=\"panel-grid-cell panel-grid-cell-empty\" ><\/div><div id=\"pgc-1333-0-1\"  class=\"panel-grid-cell\" ><div id=\"panel-1333-0-1-0\" class=\"so-panel widget widget_black-studio-tinymce widget_black_studio_tinymce panel-first-child panel-last-child\" data-index=\"0\" ><div class=\"panel-widget-style panel-widget-style-for-1333-0-1-0\" ><div class=\"textwidget\"><p><b>E. werden in der Regel von St\u00e4dten und Gemeinden aufgestellt, da sie im Rahmen der Daseinsf\u00fcrsorge f\u00fcr ihre Bewohner auch die Versorgung mit Energie zu gew\u00e4hrleisten haben.<\/b><\/p>\n<p style=\"text-align: justify;\">W\u00e4hrend in den 70er Jahren bei E. noch v.a. der Versorgungsaspekt im Vordergrund stand und die E. deshalb auch \"Energieversorgungskonzepte\" genannt wurden, steht nun der Aspekt der Energieeinsparung, der rationellen Energienutzung sowie der Nutzung regenerativer Energiequellen im Vordergrund.<\/p>\n<p>Unmittelbarer Anla\u00df f\u00fcr die Erarbeitung eines E. ist oft die Untersuchung von Energieeinsparpotentialen in den Geb\u00e4uden und Einrichtungen, die der Stadt oder der Gemeinde selbst geh\u00f6ren. Daran sollte sich eine Untersuchung der Einsparpotentiale in Haushalt, Gewerbe und <span id=\"AutoLinkDescriptionBox2\"><\/span>Industrie anschlie\u00dfen. Besonders wichtig ist die Untersuchung der Potentiale der Kraft-W\u00e4rme-Kopplung sowie der regenerativen Energiequellen. In einem E. werden dann Ma\u00dfnahmen vorgeschlagen, wie die ermittelten Potentiale zu nutzen sind und welche Investitionen \u00fcber einen bestimmten Zeithorizont (z.B. 20 Jahre) vorzunehmen sind.<\/p>\n<p>Die Aufstellung von E. durch St\u00e4dte und Gemeinden wird von den meisten Bundesl\u00e4ndern finanziell gef\u00f6rdert. Auskunft erteilen die f\u00fcr <span id=\"AutoLinkDescriptionBox1\"><\/span>Energie zust\u00e4ndigen Abteilungen der jeweiligen Ministerien.<\/p>\n<p style=\"text-align: justify;\">Siehe auch: Energiedienstleistung, <span id=\"AutoLinkDescriptionBox3\"><\/span>Energieagentur, Blockheizkraftwerke<\/p>\n<\/div><\/div><\/div><\/div><\/div><div id=\"pg-1333-1\"  class=\"panel-grid panel-no-style\" ><div id=\"pgc-1333-1-0\"  class=\"panel-grid-cell\" ><div id=\"panel-1333-1-0-0\" class=\"so-panel widget widget_black-studio-tinymce widget_black_studio_tinymce panel-first-child panel-last-child\" data-index=\"1\" ><div class=\"textwidget\"><p style=\"text-align: right;\"><em>Autor: KATALYSE Institut<\/em><\/p>\n<\/div><\/div><\/div><\/div><\/div>","protected":false},"excerpt":{"rendered":"<p>E. werden in der Regel von St\u00e4dten und Gemeinden aufgestellt, da sie im Rahmen der Daseinsf\u00fcrsorge f\u00fcr ihre Bewohner auch die Versorgung mit Energie zu gew\u00e4hrleisten haben.W\u00e4hrend in den 70er Jahren bei E. noch v.a. der Versorgungsaspekt im Vordergrund stand und die E. deshalb auch &#8222;Energieversorgungskonzepte&#8220; genannt wurden, steht nun der Aspekt der Energieeinsparung, der [&hellip;]<\/p>\n","protected":false},"author":3,"featured_media":0,"comment_status":"closed","ping_status":"closed","sticky":false,"template":"","format":"standard","meta":{"footnotes":""},"categories":[12,43,21],"tags":[],"class_list":["post-1333","post","type-post","status-publish","format-standard","hentry","category-a-f","category-e","category-energie"],"_links":{"self":[{"href":"http:\/\/umweltlexikon.katalyse.de\/index.php?rest_route=\/wp\/v2\/posts\/1333","targetHints":{"allow":["GET"]}}],"collection":[{"href":"http:\/\/umweltlexikon.katalyse.de\/index.php?rest_route=\/wp\/v2\/posts"}],"about":[{"href":"http:\/\/umweltlexikon.katalyse.de\/index.php?rest_route=\/wp\/v2\/types\/post"}],"author":[{"embeddable":true,"href":"http:\/\/umweltlexikon.katalyse.de\/index.php?rest_route=\/wp\/v2\/users\/3"}],"replies":[{"embeddable":true,"href":"http:\/\/umweltlexikon.katalyse.de\/index.php?rest_route=%2Fwp%2Fv2%2Fcomments&post=1333"}],"version-history":[{"count":1,"href":"http:\/\/umweltlexikon.katalyse.de\/index.php?rest_route=\/wp\/v2\/posts\/1333\/revisions"}],"predecessor-version":[{"id":1334,"href":"http:\/\/umweltlexikon.katalyse.de\/index.php?rest_route=\/wp\/v2\/posts\/1333\/revisions\/1334"}],"wp:attachment":[{"href":"http:\/\/umweltlexikon.katalyse.de\/index.php?rest_route=%2Fwp%2Fv2%2Fmedia&parent=1333"}],"wp:term":[{"taxonomy":"category","embeddable":true,"href":"http:\/\/umweltlexikon.katalyse.de\/index.php?rest_route=%2Fwp%2Fv2%2Fcategories&post=1333"},{"taxonomy":"post_tag","embeddable":true,"href":"http:\/\/umweltlexikon.katalyse.de\/index.php?rest_route=%2Fwp%2Fv2%2Ftags&post=1333"}],"curies":[{"name":"wp","href":"https:\/\/api.w.org\/{rel}","templated":true}]}}